{"id":59241,"date":"2020-03-20T12:14:56","date_gmt":"2020-03-20T15:14:56","guid":{"rendered":"https:\/\/www.actualidadadiario.com\/?p=59241"},"modified":"2020-03-20T12:14:56","modified_gmt":"2020-03-20T15:14:56","slug":"una-por-una-las-medidas-de-la-cuarentena","status":"publish","type":"post","link":"https:\/\/www.actualidadadiario.com\/index.php\/2020\/03\/20\/una-por-una-las-medidas-de-la-cuarentena\/","title":{"rendered":"Una por una, las medidas de la cuarentena"},"content":{"rendered":"<p style=\"text-align: center;\"><em><strong>En detalle las 9 medidas anunciadas por Alberto Fern\u00e1ndez relacionadas con la cuarentena<\/strong><\/em><\/p>\n<p>&nbsp;<\/p>\n<p>&nbsp;<\/p>\n<p>El &#8220;aislamiento social, preventivo y obligatorio&#8221; dispuesto por el presidente Alberto Fern\u00e1ndez con el acuerdo de los gobernadores comenz\u00f3 a regir en el primer minuto de este viernes y se extender\u00e1 hasta el pr\u00f3ximo 31 de marzo, con el fin de mitigar la expansi\u00f3n de la pandemia de coronavirus en todo el pa\u00eds.<\/p>\n<p>As\u00ed surge de lo dispuesto por el Decreto 297\/2020 publicado en la edici\u00f3n de hoy del Bolet\u00edn Oficial, de acuerdo con lo anunciado anoche por el mandatario, tras una reuni\u00f3n que mantuvo con los gobernadores en la Residencia de Olivos.<\/p>\n<p>La obligaci\u00f3n de permanecer en las residencias habituales y de abstenerse de concurrir a los lugares de trabajo, como as\u00ed tambi\u00e9n la prohibici\u00f3n para el desplazamiento por rutas, v\u00edas y espacios p\u00fablicos a fin de &#8220;prevenir la circulaci\u00f3n y el contagio del virus COVID-19&#8221; regir\u00e1 durante doce d\u00edas, de acuerdo con la norma, que prev\u00e9 severas sanciones, contempladas en el C\u00f3digo Penal, para quienes infrinjan las restricciones.<\/p>\n<p>&#8220;Cuando se constate la existencia de infracci\u00f3n al cumplimiento del aislamiento social, preventivo y obligatorio, o a otras normas dispuestas para la protecci\u00f3n de la salud p\u00fablica en el marco de la emergencia sanitaria, se proceder\u00e1 de inmediato a hacer cesar la conducta infractora y se dar\u00e1 actuaci\u00f3n a la autoridad competente, en el marco de los art\u00edculos 205, 239 y concordantes del C\u00f3digo Penal&#8221;, indica el texto.<\/p>\n<p>La norma se\u00f1ala, a su vez, que la medida se adopta &#8220;ante una potencial crisis sanitaria y social sin precedentes&#8221; y con el objetivo de &#8220;proteger la salud p\u00fablica&#8221;, lo que define como &#8220;una obligaci\u00f3n inalienable del Estado nacional&#8221;.<\/p>\n<p>&#8220;Nos encontramos ante una potencial crisis sanitaria y social sin precedentes, y para ello es necesario tomar medidas oportunas, transparentes, consensuadas y basadas en las evidencias disponibles, a fin de mitigar su propagaci\u00f3n y su impacto en el sistema sanitario&#8221;, sostiene el Decreto de Necesidad y Urgencia n sus considerandos.<\/p>\n<p>El texto establece que el aislamiento regir\u00e1 &#8220;desde el 20 hasta el 31 de marzo inclusive del corriente a\u00f1o, pudi\u00e9ndose prorrogar este plazo por el tiempo que se considere necesario en atenci\u00f3n a la situaci\u00f3n epidemiol\u00f3gica&#8221;.<\/p>\n<p>Adem\u00e1s, estipula que, &#8220;quienes se encuentren cumpliendo el aislamiento dispuesto en el art\u00edculo 1\u00b0, solo podr\u00e1n realizar desplazamientos m\u00ednimos e indispensables para aprovisionarse de art\u00edculos de limpieza, medicamentos y alimentos&#8221;.<\/p>\n<p>Durante la vigencia del aislamiento, &#8220;no podr\u00e1n realizarse eventos culturales, recreativos, deportivos, religiosos, ni de ninguna otra \u00edndole que impliquen la concurrencia de personas&#8221; y adem\u00e1s &#8220;se suspende la apertura de locales, centros comerciales, establecimientos mayoristas y minoristas, y cualquier otro lugar que requiera la presencia de personas&#8221;.<\/p>\n<p>En tanto, en su art\u00edculo 6, el DNU enumera 24 excepciones al cumplimiento del aislamiento para las personas afectadas a las actividades y servicios declarados esenciales en la emergencia, y se especifica que &#8220;sus desplazamientos deber\u00e1n limitarse al estricto cumplimiento de esas actividades y servicios&#8221;.<\/p>\n<p>Entre esas excepciones, se encuentra -entre otros- el personal de salud, de las fuerzas de seguridad, de las Fuerzas Armadas, la actividad migratoria, el Servicio Meteorol\u00f3gico Nacional, bomberos y control de tr\u00e1fico a\u00e9reo.<\/p>\n<p>Tambi\u00e9n, autoridades superiores de los gobiernos nacional, provinciales, municipales y de la Ciudad Aut\u00f3noma de Buenos Aires, y trabajadores del sector p\u00fablico nacional, provincial, municipal y de la Ciudad, convocados para garantizar actividades esenciales requeridas por las respectivas autoridades.<\/p>\n<p>Adem\u00e1s, quedan fuera del alcance de las prescripciones del aislamiento el personal de los servicios de justicia de turno, personal diplom\u00e1tico y consular extranjero, como as\u00ed tambi\u00e9n las personas que deban asistir a otras con discapacidad; a familiares que necesiten asistencia; a personas mayores; a ni\u00f1os, a ni\u00f1as y a adolescentes, entre otras especificaciones.<\/p>\n<p>De acuerdo con el \u00faltimo reporte oficial, los contagiados de coronavirus en el pa\u00eds suman hasta el momento 128, de los cuales tres fallecieron.<\/p>\n<p>En el t\u00e9rmino de un d\u00eda, fueron registrados 31 nuevos casos, 15 de ellos en la provincia de Buenos Aires, 8 en la Ciudad Aut\u00f3noma de Buenos Aires, 3 en C\u00f3rdoba, 2 en Chaco y uno en cada una de las provincias de Tucum\u00e1n, Santa Fe y R\u00edo Negro.<\/p>\n<p>&nbsp;<\/p>\n<p><strong>Detalles de la medida<\/strong><\/p>\n<p><strong>1-<\/strong> No hay obligaci\u00f3n formal de concurrir a los lugares de trabajo, nadie puede moverse de sus residencias, todos tienen que quedarse en sus casas.<\/p>\n<p><strong>2-<\/strong> Se except\u00faa a los miembros de fuerzas de seguridad, polic\u00edas provinciales, bomberos, empleados que trabajen en el sistema sanitario y en comercios de venta de alimentos y de productos de primera necesidad, entre ellos farmacias y ferreter\u00edas.<\/p>\n<p><strong>3-<\/strong> Tambi\u00e9n quedan exceptuados quienes trabajan en los gobiernos nacional, provinciales y municipales en niveles de conducci\u00f3n pol\u00edtica, trabajadores que producen alientos y f\u00e1rmacos, trabajadores del petr\u00f3leo y refiner\u00edas y periodistas.<\/p>\n<p><strong>4-<\/strong> S\u00f3lo se podr\u00e1 abandonar el domicilio particular para la compra de productos de primera necesidad o por emergencia m\u00e9dica.<\/p>\n<p><strong>5-<\/strong> Habr\u00e1 coordinaci\u00f3n de seguridad de las polic\u00edas provinciales y las fuerzas de seguridad nacionales (Polic\u00eda Federal, Prefectura y Gendarmer\u00eda) para evitar que se viole el DNU, controlando qui\u00e9n est\u00e1 circulando por las calles.<\/p>\n<p><strong>6-<\/strong> Las personas que no puedan explicar el motivo de su permanencia en las calles ser\u00e1n sometidas a las sanciones que prev\u00e9 el C\u00f3digo Penal.<\/p>\n<p><strong>7-<\/strong> El feriado del 2 de abril por los Ca\u00eddos en Malvinas se adelantar\u00e1 al martes 31 de marzo y el lunes 30 de marzo ser\u00e1 declarado &#8220;feriado puente&#8221;.<\/p>\n<p><strong>8-<\/strong> Se conformar\u00e1 un Gabinete Federal para que vaya atendiendo el problema de la pandemia y las cuestiones ligadas a la econom\u00eda.<\/p>\n<p><strong>9-<\/strong> Se van a dictar normas para aliviar la situaci\u00f3n de los monotributistas y del sector informal.<\/p>\n","protected":false},"excerpt":{"rendered":"<p>En detalle las 9 medidas anunciadas por Alberto Fern\u00e1ndez relacionadas con la cuarentena &nbsp; &nbsp; El &#8220;aislamiento social, preventivo y obligatorio&#8221; dispuesto por el presidente Alberto Fern\u00e1ndez con el acuerdo de los gobernadores comenz\u00f3 a regir en el primer minuto de este viernes y se extender\u00e1 hasta el pr\u00f3ximo 31 de marzo, con el fin de mitigar la expansi\u00f3n de la pandemia de coronavirus en todo el pa\u00eds. As\u00ed surge de lo dispuesto por el Decreto 297\/2020 publicado en la edici\u00f3n de hoy del Bolet\u00edn Oficial, de acuerdo con lo&#8230;<\/p>\n","protected":false},"author":3,"featured_media":59242,"comment_status":"closed","ping_status":"closed","sticky":false,"template":"","format":"standard","meta":[],"categories":[9],"tags":[],"_links":{"self":[{"href":"https:\/\/www.actualidadadiario.com\/index.php\/wp-json\/wp\/v2\/posts\/59241"}],"collection":[{"href":"https:\/\/www.actualidadadiario.com\/index.php\/wp-json\/wp\/v2\/posts"}],"about":[{"href":"https:\/\/www.actualidadadiario.com\/index.php\/wp-json\/wp\/v2\/types\/post"}],"author":[{"embeddable":true,"href":"https:\/\/www.actualidadadiario.com\/index.php\/wp-json\/wp\/v2\/users\/3"}],"replies":[{"embeddable":true,"href":"https:\/\/www.actualidadadiario.com\/index.php\/wp-json\/wp\/v2\/comments?post=59241"}],"version-history":[{"count":1,"href":"https:\/\/www.actualidadadiario.com\/index.php\/wp-json\/wp\/v2\/posts\/59241\/revisions"}],"predecessor-version":[{"id":59243,"href":"https:\/\/www.actualidadadiario.com\/index.php\/wp-json\/wp\/v2\/posts\/59241\/revisions\/59243"}],"wp:featuredmedia":[{"embeddable":true,"href":"https:\/\/www.actualidadadiario.com\/index.php\/wp-json\/wp\/v2\/media\/59242"}],"wp:attachment":[{"href":"https:\/\/www.actualidadadiario.com\/index.php\/wp-json\/wp\/v2\/media?parent=59241"}],"wp:term":[{"taxonomy":"category","embeddable":true,"href":"https:\/\/www.actualidadadiario.com\/index.php\/wp-json\/wp\/v2\/categories?post=59241"},{"taxonomy":"post_tag","embeddable":true,"href":"https:\/\/www.actualidadadiario.com\/index.php\/wp-json\/wp\/v2\/tags?post=59241"}],"curies":[{"name":"wp","href":"https:\/\/api.w.org\/{rel}","templated":true}]}}