{"id":59238,"date":"2020-03-20T12:13:08","date_gmt":"2020-03-20T15:13:08","guid":{"rendered":"https:\/\/www.actualidadadiario.com\/?p=59238"},"modified":"2020-03-20T12:13:08","modified_gmt":"2020-03-20T15:13:08","slug":"primer-detenido-en-entre-rios-por-incumplir-el-aislamiento-obligatorio","status":"publish","type":"post","link":"https:\/\/www.actualidadadiario.com\/index.php\/2020\/03\/20\/primer-detenido-en-entre-rios-por-incumplir-el-aislamiento-obligatorio\/","title":{"rendered":"Primer detenido en Entre R\u00edos por incumplir el aislamiento obligatorio"},"content":{"rendered":"<p style=\"text-align: center;\"><em><strong>Fue a la 1.10 horas de este viernes en la ciudad de Gualeguay. La Polic\u00eda inform\u00f3 que &#8220;no s\u00f3lo no pudo justificar su presencia en la v\u00eda p\u00fablica, sino que tampoco obedeci\u00f3 las recomendaciones que se le hicieron en reiteradas oportunidades&#8221;<\/strong><\/em><\/p>\n<p>&nbsp;<\/p>\n<p>&nbsp;<\/p>\n<p>A poco de iniciarse el &#8220;Aislamiento preventivo y obligatorio&#8221; dispuesto por el Gobierno Nacional en el marco de la pandemia del coronavirus, la Polic\u00eda de Gualeguay detuvo a un joven por no cumplir con lo dispuesto.<\/p>\n<p>Desde la fuerza precisaron que &#8220;a la 1:10 de hoy&#8221;, trasladaron hasta la Jefatura Departamental a un joven de 22 a\u00f1os, &#8220;por violar los art\u00edculos 205 y 239 del C\u00f3digo Penal&#8221;. El mismo qued\u00f3 a disposici\u00f3n de la Fiscal\u00eda de turno.<\/p>\n<p>Al respecto, se\u00f1alaron que &#8220;el joven fue interceptado por personal policial violando lo dispuesto por el Decreto 620 del d\u00eda de ayer, ya que no solo no pudo justificar su presencia en la v\u00eda p\u00fablica, sino que, tampoco, obedeci\u00f3 las recomendaciones que se le hicieron en reiteradas oportunidades&#8221;.<\/p>\n","protected":false},"excerpt":{"rendered":"<p>Fue a la 1.10 horas de este viernes en la ciudad de Gualeguay. La Polic\u00eda inform\u00f3 que &#8220;no s\u00f3lo no pudo justificar su presencia en la v\u00eda p\u00fablica, sino que tampoco obedeci\u00f3 las recomendaciones que se le hicieron en reiteradas oportunidades&#8221; &nbsp; &nbsp; A poco de iniciarse el &#8220;Aislamiento preventivo y obligatorio&#8221; dispuesto por el Gobierno Nacional en el marco de la pandemia del coronavirus, la Polic\u00eda de Gualeguay detuvo a un joven por no cumplir con lo dispuesto. Desde la fuerza precisaron que &#8220;a la 1:10 de hoy&#8221;, trasladaron&#8230;<\/p>\n","protected":false},"author":3,"featured_media":59239,"comment_status":"closed","ping_status":"closed","sticky":false,"template":"","format":"standard","meta":[],"categories":[15],"tags":[],"_links":{"self":[{"href":"https:\/\/www.actualidadadiario.com\/index.php\/wp-json\/wp\/v2\/posts\/59238"}],"collection":[{"href":"https:\/\/www.actualidadadiario.com\/index.php\/wp-json\/wp\/v2\/posts"}],"about":[{"href":"https:\/\/www.actualidadadiario.com\/index.php\/wp-json\/wp\/v2\/types\/post"}],"author":[{"embeddable":true,"href":"https:\/\/www.actualidadadiario.com\/index.php\/wp-json\/wp\/v2\/users\/3"}],"replies":[{"embeddable":true,"href":"https:\/\/www.actualidadadiario.com\/index.php\/wp-json\/wp\/v2\/comments?post=59238"}],"version-history":[{"count":1,"href":"https:\/\/www.actualidadadiario.com\/index.php\/wp-json\/wp\/v2\/posts\/59238\/revisions"}],"predecessor-version":[{"id":59240,"href":"https:\/\/www.actualidadadiario.com\/index.php\/wp-json\/wp\/v2\/posts\/59238\/revisions\/59240"}],"wp:featuredmedia":[{"embeddable":true,"href":"https:\/\/www.actualidadadiario.com\/index.php\/wp-json\/wp\/v2\/media\/59239"}],"wp:attachment":[{"href":"https:\/\/www.actualidadadiario.com\/index.php\/wp-json\/wp\/v2\/media?parent=59238"}],"wp:term":[{"taxonomy":"category","embeddable":true,"href":"https:\/\/www.actualidadadiario.com\/index.php\/wp-json\/wp\/v2\/categories?post=59238"},{"taxonomy":"post_tag","embeddable":true,"href":"https:\/\/www.actualidadadiario.com\/index.php\/wp-json\/wp\/v2\/tags?post=59238"}],"curies":[{"name":"wp","href":"https:\/\/api.w.org\/{rel}","templated":true}]}}