{"id":59229,"date":"2020-03-20T12:09:27","date_gmt":"2020-03-20T15:09:27","guid":{"rendered":"https:\/\/www.actualidadadiario.com\/?p=59229"},"modified":"2020-03-20T12:09:27","modified_gmt":"2020-03-20T15:09:27","slug":"la-linea-que-habilito-la-provincia-para-canalizar-consultas-por-coronavirus-recibio-mas-de-480-llamados-el-primer-dia","status":"publish","type":"post","link":"https:\/\/www.actualidadadiario.com\/index.php\/2020\/03\/20\/la-linea-que-habilito-la-provincia-para-canalizar-consultas-por-coronavirus-recibio-mas-de-480-llamados-el-primer-dia\/","title":{"rendered":"La l\u00ednea que habilit\u00f3 la provincia para canalizar consultas por coronavirus recibi\u00f3 m\u00e1s de 480 llamados el primer d\u00eda"},"content":{"rendered":"<p style=\"text-align: center;\"><em><strong>Se encuentra en pleno funcionamiento la l\u00ednea habilitada por el Ministerio de Salud de la provincia (0800-777-8476) para responder a las diferentes consultas de la comunidad en materia de coronavirus. En las primeras 24 horas se atendieron m\u00e1s de 480 llamados<\/strong><\/em><\/p>\n<p>&nbsp;<\/p>\n<p>&nbsp;<\/p>\n<p>En el marco de la pandemia mundial de coronavirus, y a efectos de facilitar todos los canales disponibles para acercar informaci\u00f3n certera a la comunidad, el Ministerio de Salud de la provincia de Entre R\u00edos habilit\u00f3 el tel\u00e9fono 0800-777-8476. La l\u00ednea, que comenz\u00f3 a funcionar el d\u00eda de ayer, dio respuesta a m\u00e1s de 480 llamadas de la comunidad entrerriana y de provincias cercanas durante las primeras 24 horas de atenci\u00f3n.<\/p>\n<p>Durante el primer d\u00eda de actividad, el principal motivo de consulta estuvo relacionado a las denuncias por incumplimiento de aislamiento, motivo por el que se articula con la Polic\u00eda de la provincia. Por su parte, el segundo motivo recurrente se refiere a la necesidad de informaci\u00f3n segura y confiable de c\u00f3mo actuar frente a la presentaci\u00f3n de algunos de los s\u00edntomas y el contexto de incertidumbre, por los cuales se procura orientar y acompa\u00f1ar a los ciudadanos que se comunican de acuerdo a cada situaci\u00f3n planteada.<\/p>\n<p>Asimismo, tambi\u00e9n son recurrentes las consultas acerca de las dudas de c\u00f3mo actuar en el campo laboral, los motivos y requisitos de licencias obligatorias, entre otras.<\/p>\n<p>El primer d\u00eda de trabajo arroj\u00f3 como balance positivo que, a partir del funcionamiento del 0800, se pudo descomprimir la demanda de la l\u00ednea 107, destinada espec\u00edficamente a urgencias y emergencias.<\/p>\n<p>Es importante destacar que esta l\u00ednea, que funciona las 24 horas, est\u00e1 siendo atendida por un equipo conformado por m\u00e1s de 70 trabajadores del Ministerio de Salud, donde se destaca el aporte de los profesionales de la Residencia Interdisciplinaria de Salud Mental de la provincia, que integran m\u00e9dicos, trabajadores sociales, terapistas ocupacionales, comunicadores sociales, psic\u00f3logos, y residentes de Cl\u00ednica M\u00e9dica.<\/p>\n<p>Desde lo t\u00e9cnico es importante mencionar que el llamado puede ser atendido por el equipo que funciona f\u00edsicamente en la ciudad de Paran\u00e1, u otro que est\u00e1 trabajando en la ciudad de Concordia, atendiendo las consultas de esa zona de la provincia.<\/p>\n<p>Finalmente, las principales consultas, dudas y denuncias recibidas por el 0800 se articulan diariamente con el Comit\u00e9 de Organizaci\u00f3n de Emergencia de Salud (COES), a los fines de direccionar y adecuar las respuestas de los servicios de salud de la provincia.<\/p>\n<p>&nbsp;<\/p>\n<p><strong>Monitoreo permanente de las personas que ingresaron desde zonas de riesgo<\/strong><\/p>\n<p>En articulaci\u00f3n con la Direcci\u00f3n General de Migraciones, dependiente del Ministerio del Interior de la Naci\u00f3n, desde el pasado domingo (15 de marzo) la cartera de Salud de la provincia se comunica diariamente con personas que han ingresado al pa\u00eds desde zonas consideradas de riesgo de contagio y se encuentran en cuarentena obligatoria.<\/p>\n<p>Acerca de la mec\u00e1nica de trabajo, se inform\u00f3 que las personas son contactadas por v\u00eda telef\u00f3nica y se les consulta mediante una gu\u00eda si se encuentran realizando la cuarentena; si han podido organizarse con familiares o personas cercanas que los asistan para lograr su cumplimiento correcto; si han presentado s\u00edntomas y si cuentan con la informaci\u00f3n necesaria. A la vez se busca resolver y evacuar las dudas que pudieran presentarse.<\/p>\n<p>De acuerdo a la informaci\u00f3n oficial, a la fecha ingresaron al pa\u00eds 801 personas con residencia en la provincia de Entre R\u00edos, que est\u00e1n siendo monitoreadas por un equipo del Ministerio de Salud encargado espec\u00edficamente de esta tarea, con todos los recaudos pertinentes ya que se trata de informaci\u00f3n sensible y confidencial.<\/p>\n","protected":false},"excerpt":{"rendered":"<p>Se encuentra en pleno funcionamiento la l\u00ednea habilitada por el Ministerio de Salud de la provincia (0800-777-8476) para responder a las diferentes consultas de la comunidad en materia de coronavirus. En las primeras 24 horas se atendieron m\u00e1s de 480 llamados &nbsp; &nbsp; En el marco de la pandemia mundial de coronavirus, y a efectos de facilitar todos los canales disponibles para acercar informaci\u00f3n certera a la comunidad, el Ministerio de Salud de la provincia de Entre R\u00edos habilit\u00f3 el tel\u00e9fono 0800-777-8476. La l\u00ednea, que comenz\u00f3 a funcionar el d\u00eda&#8230;<\/p>\n","protected":false},"author":3,"featured_media":59230,"comment_status":"closed","ping_status":"closed","sticky":false,"template":"","format":"standard","meta":[],"categories":[15],"tags":[],"_links":{"self":[{"href":"https:\/\/www.actualidadadiario.com\/index.php\/wp-json\/wp\/v2\/posts\/59229"}],"collection":[{"href":"https:\/\/www.actualidadadiario.com\/index.php\/wp-json\/wp\/v2\/posts"}],"about":[{"href":"https:\/\/www.actualidadadiario.com\/index.php\/wp-json\/wp\/v2\/types\/post"}],"author":[{"embeddable":true,"href":"https:\/\/www.actualidadadiario.com\/index.php\/wp-json\/wp\/v2\/users\/3"}],"replies":[{"embeddable":true,"href":"https:\/\/www.actualidadadiario.com\/index.php\/wp-json\/wp\/v2\/comments?post=59229"}],"version-history":[{"count":1,"href":"https:\/\/www.actualidadadiario.com\/index.php\/wp-json\/wp\/v2\/posts\/59229\/revisions"}],"predecessor-version":[{"id":59231,"href":"https:\/\/www.actualidadadiario.com\/index.php\/wp-json\/wp\/v2\/posts\/59229\/revisions\/59231"}],"wp:featuredmedia":[{"embeddable":true,"href":"https:\/\/www.actualidadadiario.com\/index.php\/wp-json\/wp\/v2\/media\/59230"}],"wp:attachment":[{"href":"https:\/\/www.actualidadadiario.com\/index.php\/wp-json\/wp\/v2\/media?parent=59229"}],"wp:term":[{"taxonomy":"category","embeddable":true,"href":"https:\/\/www.actualidadadiario.com\/index.php\/wp-json\/wp\/v2\/categories?post=59229"},{"taxonomy":"post_tag","embeddable":true,"href":"https:\/\/www.actualidadadiario.com\/index.php\/wp-json\/wp\/v2\/tags?post=59229"}],"curies":[{"name":"wp","href":"https:\/\/api.w.org\/{rel}","templated":true}]}}