{"id":59226,"date":"2020-03-20T12:08:41","date_gmt":"2020-03-20T15:08:41","guid":{"rendered":"https:\/\/www.actualidadadiario.com\/?p=59226"},"modified":"2020-03-20T12:08:41","modified_gmt":"2020-03-20T15:08:41","slug":"la-provincia-lleva-a-cabo-inversiones-en-equipamientos-y-mejoras-en-los-hospitales-para-enfrentar-la-pandemia","status":"publish","type":"post","link":"https:\/\/www.actualidadadiario.com\/index.php\/2020\/03\/20\/la-provincia-lleva-a-cabo-inversiones-en-equipamientos-y-mejoras-en-los-hospitales-para-enfrentar-la-pandemia\/","title":{"rendered":"La provincia lleva a cabo inversiones en equipamientos y mejoras en los hospitales para enfrentar la pandemia"},"content":{"rendered":"<p style=\"text-align: center;\"><em><strong>&#8220;Personal t\u00e9cnico del Ministerio recorri\u00f3 los hospitales la provincia para ver las necesidades para montar la emergencia necesaria y poder cumplir con los objetivos de los protocolos del Ministerio de Salud&#8221;, expres\u00f3 el ministro de Planeamiento, Luis Benedetto en conferencia de prensa<\/strong><\/em><\/p>\n<p>&nbsp;<\/p>\n<p>&nbsp;<\/p>\n<p>Este jueves se llev\u00f3 a cabo una nueva conferencia de prensa del gobierno entrerriano en relaci\u00f3n a la pandemia. Adem\u00e1s de actualizar la informaci\u00f3n epidemiol\u00f3gica de la \u00faltima jornada, se dieron a conocer los trabajos que la provincia realiza en los hospitales y centros de salud de referencia para adecuar la infraestructura sanitaria a las posibles demandas que genere la pandemia.<\/p>\n<p>Por otra parte se puso en valor la reducci\u00f3n del 50 por ciento en la tarifa el\u00e9ctrica para los prestadores privados del servicios de salud que est\u00e9n abocados a la pandemia en la provincia; y se anunci\u00f3 que, en consonancia con las medidas tomadas por el gobierno nacional, a partir del viernes 20 de marzo a las 00 horas, y hasta el 24 de marzo, se implementar\u00e1n restricciones al transporte p\u00fablico.<\/p>\n<p>Adem\u00e1s, desde el Sal\u00f3n de Periodistas de Casa de Gobierno, y en comunicaci\u00f3n con los medios de comunicaci\u00f3n de toda la provincia, la secretaria de Salud, Carina Reh, actualiz\u00f3 la informaci\u00f3n epidemiol\u00f3gica en relaci\u00f3n al Coronavirus.<\/p>\n<p>Durante la \u00faltima jornada, Entre R\u00edos no registr\u00f3 nuevos casos positivos de Coronavirus. Se descartaron 12 casos que estaban en estudio, y otros 12 permanecen en evaluaci\u00f3n. Tambi\u00e9n se especific\u00f3 que no todos los casos de Coronavirus requieren la asistencia de respiradores artificiales, y que el 80 por ciento evoluciona bien. Apenas un cinco por ciento registra gravedad en el estado de salud.<\/p>\n<p>En ese marco, Benedetto dio precisiones sobre los trabajos que el gobierno provincial lleva adelante a trav\u00e9s del Ministerio de Planeamiento para adecuar la infraestructura hospitalaria ante la pandemia de Coronavirus.<\/p>\n<p>&#8220;Personal t\u00e9cnico del Ministerio recorri\u00f3 los hospitales la provincia para ver las necesidades para montar la emergencia necesaria y poder cumplir con los objetivos de los protocolos del Ministerio de Salud&#8221;, indic\u00f3 el ministro de Planeamiento y resalt\u00f3 que \u201cse trabaja en el hospital La Baxada, Dra. Teresa Ratto, para habilitar un sector con camas que dispuso el Ministerio de Salud\u201d.<\/p>\n<p>Por otra parte, Benedetto subray\u00f3 la decisi\u00f3n del gobernador Gustavo Bordet de establecer la reducci\u00f3n de tarifa el\u00e9ctrica en un 50 por ciento para sanatorios y cl\u00ednicas privados abocados a la emergencia sanitaria. &#8220;Esto ser\u00e1 subsidiado por el fondo este provincia y, de esa manera, se colabora una vez m\u00e1s en esta situaci\u00f3n&#8221;, se\u00f1al\u00f3.<\/p>\n<p>Adem\u00e1s, \u201cen materia de Transporte, se trabaj\u00f3 en los protocolos y lo establecido por Naci\u00f3n en cuanto a restricciones de servicios que se implementar\u00e1 a partir de este viernes 20 de marzo a las 0 horas hasta el 24 de marzo\u201d, agreg\u00f3 el funcionario y aclar\u00f3 que &#8220;las restricciones son las establecidas por el gobierno nacional\u201d, y que \u201cdesde la provincia sumamos todos los usuarios pueden hacer la devoluci\u00f3n del pasaje o postergarlo de acuerdo a lo que est\u00e1 establecido&#8221;.<\/p>\n<p>&nbsp;<\/p>\n<p><strong>Informaci\u00f3n epidemiol\u00f3gica<\/strong><\/p>\n<p>En cuanto a la informaci\u00f3n epidemiol\u00f3gica, Reh confirm\u00f3 que no hubo nuevos casos en la \u00faltima jornada. La cantidad de casos positivos en Entre R\u00edos sigue siendo de tres y revel\u00f3 que hay \u201c12 descartados y 12 a\u00fan en estudio o a la espera de confirmaci\u00f3n del Instituto Malbr\u00e1n&#8221;.<\/p>\n<p>El \u00faltimo caso confirmado es una persona de Gualeguay que mantuvo contacto estrecho con el primer caso que se registr\u00f3 en esa ciudad. \u201cEvoluciona favorablemente y contin\u00faa en aislamiento&#8221;, inform\u00f3 y detall\u00f3 que \u201cla notificaci\u00f3n se hace desde el Instituto Malbr\u00e1n hacia la Direcci\u00f3n de Epidemiolog\u00eda de la provincia. Se notifica al paciente y al efector, y posteriormente reci\u00e9n se dan a conocer&#8221;.<\/p>\n<p>Por otra parte, Reh explic\u00f3 que \u201cno todos los casos positivos de coronavirus necesitan respiradores. Est\u00e1 demostrado que el 80 por ciento de los infectados evoluciona favorablemente o asintom\u00e1ticos, de los cuales generalmente un cinco por ciento son los que evolucionan de forma desfavorable y alcanzan a la poblaci\u00f3n de adultos mayores\u201d.<\/p>\n<p>\u201cJunto con el equipo del Ministerio de Planeamiento y del Ministerio de Salud estamos trabajando en el relevamiento total de camas disponibles en toda la provincia para optimizar el recurso con la incorporaci\u00f3n de nuevo equipamiento en cuanto a las unidades respiratorias necesarias\u201d, remarc\u00f3.<\/p>\n<p>Reh precis\u00f3 que &#8220;el lunes, a partir del protocolo de actuaci\u00f3n que se confeccion\u00f3 durante el fin de semana, se fueron distribuyendo los kits a los diferentes hospitales y efectores que no los ten\u00edan porque la recomendaci\u00f3n en el protocolo hac\u00eda referencia a que cuando se recibiera una denuncia concreta y el personal de actuaci\u00f3n tuviera que hacer la constataci\u00f3n deb\u00eda retirar el kits en el efector para poder ir a hacerla&#8221;.<\/p>\n<p>Tambi\u00e9n destac\u00f3 que &#8220;hay una gran colaboraci\u00f3n de parte de todas las organizaciones, instituciones, respaldando al equipo de Salud, lo cual es fundamental porque en esta pandemia necesitamos los brazos de todos\u201d, y entonces agradeci\u00f3 \u201cde parte de nuestro equipo a todas las organizaciones que acompa\u00f1an el trabajo&#8221;.<\/p>\n<p>Consultada sobre c\u00f3mo se trabajar\u00e1 en funci\u00f3n de la internaciones necesarias, Reh detall\u00f3: \u201cEl comit\u00e9 organizador lo que hizo fue evaluar junto con los expertos m\u00e9dicos y epidemiol\u00f3gicos y se defini\u00f3 que aquellos pacientes a los que se los considere sospechosos se les evaluar\u00e1 la condici\u00f3n cl\u00ednica, y en aquellos casos leves en los que el equipo pueda garantizar el acompa\u00f1amiento domiciliario y la evaluaci\u00f3n domiciliaria van a estar en su domicilio con un seguimiento estricto telef\u00f3nico personalizado. Aquellos que realmente revistan una condici\u00f3n de gravedad son los \u00fanicos pacientes que van a quedar internados en alg\u00fan nosocomio\u201d, remarc\u00f3.<\/p>\n<p>Por otra parte reiter\u00f3 que el equipo de epidemiolog\u00eda del Ministerio de Salud, est\u00e1 acompa\u00f1ando el equipo de salud que trabaja en Gualeguay, y que se va a hacer una evaluaci\u00f3n del resto de contactos que pudiera haber tenido la persona con Coronavirus y una proyecci\u00f3n epidemiol\u00f3gica en la ciudad para poder tomar las decisiones adecuadas en la ciudad.<\/p>\n","protected":false},"excerpt":{"rendered":"<p>&#8220;Personal t\u00e9cnico del Ministerio recorri\u00f3 los hospitales la provincia para ver las necesidades para montar la emergencia necesaria y poder cumplir con los objetivos de los protocolos del Ministerio de Salud&#8221;, expres\u00f3 el ministro de Planeamiento, Luis Benedetto en conferencia de prensa &nbsp; &nbsp; Este jueves se llev\u00f3 a cabo una nueva conferencia de prensa del gobierno entrerriano en relaci\u00f3n a la pandemia. Adem\u00e1s de actualizar la informaci\u00f3n epidemiol\u00f3gica de la \u00faltima jornada, se dieron a conocer los trabajos que la provincia realiza en los hospitales y centros de salud&#8230;<\/p>\n","protected":false},"author":3,"featured_media":59227,"comment_status":"closed","ping_status":"closed","sticky":false,"template":"","format":"standard","meta":[],"categories":[15],"tags":[],"_links":{"self":[{"href":"https:\/\/www.actualidadadiario.com\/index.php\/wp-json\/wp\/v2\/posts\/59226"}],"collection":[{"href":"https:\/\/www.actualidadadiario.com\/index.php\/wp-json\/wp\/v2\/posts"}],"about":[{"href":"https:\/\/www.actualidadadiario.com\/index.php\/wp-json\/wp\/v2\/types\/post"}],"author":[{"embeddable":true,"href":"https:\/\/www.actualidadadiario.com\/index.php\/wp-json\/wp\/v2\/users\/3"}],"replies":[{"embeddable":true,"href":"https:\/\/www.actualidadadiario.com\/index.php\/wp-json\/wp\/v2\/comments?post=59226"}],"version-history":[{"count":1,"href":"https:\/\/www.actualidadadiario.com\/index.php\/wp-json\/wp\/v2\/posts\/59226\/revisions"}],"predecessor-version":[{"id":59228,"href":"https:\/\/www.actualidadadiario.com\/index.php\/wp-json\/wp\/v2\/posts\/59226\/revisions\/59228"}],"wp:featuredmedia":[{"embeddable":true,"href":"https:\/\/www.actualidadadiario.com\/index.php\/wp-json\/wp\/v2\/media\/59227"}],"wp:attachment":[{"href":"https:\/\/www.actualidadadiario.com\/index.php\/wp-json\/wp\/v2\/media?parent=59226"}],"wp:term":[{"taxonomy":"category","embeddable":true,"href":"https:\/\/www.actualidadadiario.com\/index.php\/wp-json\/wp\/v2\/categories?post=59226"},{"taxonomy":"post_tag","embeddable":true,"href":"https:\/\/www.actualidadadiario.com\/index.php\/wp-json\/wp\/v2\/tags?post=59226"}],"curies":[{"name":"wp","href":"https:\/\/api.w.org\/{rel}","templated":true}]}}