{"id":59223,"date":"2020-03-20T12:07:50","date_gmt":"2020-03-20T15:07:50","guid":{"rendered":"https:\/\/www.actualidadadiario.com\/?p=59223"},"modified":"2020-03-20T12:07:50","modified_gmt":"2020-03-20T15:07:50","slug":"el-ejercito-y-la-fuerza-aerea-se-incorporaron-a-la-mesa-de-trabajo-intersectorial-ante-el-coronavirus","status":"publish","type":"post","link":"https:\/\/www.actualidadadiario.com\/index.php\/2020\/03\/20\/el-ejercito-y-la-fuerza-aerea-se-incorporaron-a-la-mesa-de-trabajo-intersectorial-ante-el-coronavirus\/","title":{"rendered":"El Ej\u00e9rcito y la Fuerza A\u00e9rea se incorporaron a la Mesa de Trabajo Intersectorial ante el Coronavirus"},"content":{"rendered":"<p style=\"text-align: center;\"><em><strong>La vicegobernadora Laura Stratta junto a las ministras de Salud, Sonia Vel\u00e1zquez, y de Desarrollo Social, Marisa Paira, encabez\u00f3 la reuni\u00f3n en la cual el Ej\u00e9rcito y la Fuerza A\u00e9rea se sumaron a la Mesa de Trabajo Intersectorial para coordinar acciones conjuntas con el Estado provincial<\/strong><\/em><\/p>\n<p>&nbsp;<\/p>\n<p>&nbsp;<\/p>\n<p>La vicegobernadora agradeci\u00f3 al coronel del Ej\u00e9rcito Argentino, Adalberto Zucherino; al comodoro Hugo Alberto Diri\u00e9 y a Hern\u00e1n Dayd\u00e9, jefe y vice comodoro de la II Brigada A\u00e9rea de Paran\u00e1 respectivamente, que se sumar\u00e1n a la coordinaci\u00f3n de acciones por el coronavirus. \u201cGracias por organizar el trabajo y la estrategia en el contexto actual\u201d, dijo Stratta durante el encuentro desarrollado este jueves en el Sal\u00f3n de los Gobernadores de la Casa de Gobierno.<\/p>\n<p>\u201cVenimos haciendo reuniones cotidianas para hacer un balance en el marco de la emergencia. Salud viene hace meses evaluando el estado de situaci\u00f3n y la idea de hoy es seguir con este espacio de trabajo abordando estrategias conjuntas que nos permitan dar los mejores resultados\u201d, precis\u00f3 Stratta.<\/p>\n<p>Por su parte, la ministra de Salud brind\u00f3 un informe acerca del Plan Estrat\u00e9gico de Contingencia Covid 19 y el estado de situaci\u00f3n epidemiol\u00f3gica actual, as\u00ed como las estrategias que se est\u00e1n implementando en Entre R\u00edos en la fase de contenci\u00f3n. \u201cLa semana pasada el gobernador decidi\u00f3 decretar la emergencia sanitaria, estableciendo instancias de protocolizaci\u00f3n para atenuar la circulaci\u00f3n del virus en esta etapa sin circulaci\u00f3n comunitaria. A partir de esto la situaci\u00f3n ha ido cambiando en relaci\u00f3n con las medidas a nivel nacional\u201d, se\u00f1al\u00f3.<\/p>\n<p>\u201cLa idea de la reuni\u00f3n de hoy fue integrar a la Fuerza A\u00e9rea y al Ej\u00e9rcito a la Mesa de Trabajo Intersectorial y poder aunar esfuerzos y sinergia para contener en este primer momento la coyuntura que nos atraviesa\u201d, explic\u00f3 Vel\u00e1zquez.<\/p>\n<p>En ese sentido, la ministra acot\u00f3: &#8220;Esta reuni\u00f3n se sum\u00f3 a otros encuentros que se han ido desarrollando con la Polic\u00eda y el sector empresarial como parte del denominado Plan Estrat\u00e9gico de Covid 19\u201d.<\/p>\n<p>Por su parte, la ministra de Desarrollo Social expres\u00f3: \u201cLa reuni\u00f3n de articulaci\u00f3n permiti\u00f3 establecer los marcos generales de contingencia y acuerdos de trabajos interinstitucionales para garantizar un plan provincial ante la emergencia sanitaria y en nuestro caso dar respuestas efectivas para los sectores m\u00e1s vulnerables\u201d.<\/p>\n<p>\u201cReconociendo el contexto din\u00e1mico en el que transitamos hoy como provincia y como pa\u00eds fue importante establecer los canales y clarificar los procedimientos y acciones de actuaci\u00f3n ante las urgencias que se nos presenten desde cada uno de los \u00e1mbitos\u201d, resumi\u00f3 Paira.<\/p>\n<p>&nbsp;<\/p>\n<p><strong>Acompa\u00f1amiento de las fuerzas<\/strong><\/p>\n<p>El coronel Adalberto Zucherino plante\u00f3 que, en caso de ser necesario, \u201clas Fuerzas Armadas, con las capacidades que tienen, est\u00e1n preparadas para apoyar a los centros de salud, y ayudar a las aldeas y los pueblos as\u00ed como a las cabeceras de departamentos\u201d.<\/p>\n<p>En ese orden, puntualiz\u00f3: \u201cNuestra capacidad es de transporte, de ayuda a los hospitales con carpas y de traslado de racionamiento. Y a este apoyo hay que orientarlo a zonas m\u00e1s aisladas, por lo cual debemos trabajar junto a Defensa Civil\u201d.<\/p>\n<p>A partir de su experiencia en el Ej\u00e9rcito Argentino, Zucherino consider\u00f3 que \u201ces conveniente canalizar el esfuerzo con las intendencias y oficiales a trav\u00e9s de los distintos ministerios del gobierno entrerriano, porque es importante la centralidad de la provincia\u201d.<\/p>\n<p>El oficial de enlace con el Ministerio de Desarrollo Social de la provincia, teniente coronel Danilo Diez; el oficial de enlace de Operaciones del Comando Conjunto de zona de emergencia, mayor Mat\u00edas San Mart\u00edn; el coordinador general del Ministerio de Salud, Germ\u00e1n Coronel; el secretario de Gesti\u00f3n de la cartera Social, Andr\u00e9s Dab\u00edn; el secretario de Justicia, Pablo Biaggini; y el director de Defensa Civil, Lautaro L\u00f3pez, tambi\u00e9n participaron del encuentro.<\/p>\n","protected":false},"excerpt":{"rendered":"<p>La vicegobernadora Laura Stratta junto a las ministras de Salud, Sonia Vel\u00e1zquez, y de Desarrollo Social, Marisa Paira, encabez\u00f3 la reuni\u00f3n en la cual el Ej\u00e9rcito y la Fuerza A\u00e9rea se sumaron a la Mesa de Trabajo Intersectorial para coordinar acciones conjuntas con el Estado provincial &nbsp; &nbsp; La vicegobernadora agradeci\u00f3 al coronel del Ej\u00e9rcito Argentino, Adalberto Zucherino; al comodoro Hugo Alberto Diri\u00e9 y a Hern\u00e1n Dayd\u00e9, jefe y vice comodoro de la II Brigada A\u00e9rea de Paran\u00e1 respectivamente, que se sumar\u00e1n a la coordinaci\u00f3n de acciones por el coronavirus&#8230;.<\/p>\n","protected":false},"author":3,"featured_media":59224,"comment_status":"closed","ping_status":"closed","sticky":false,"template":"","format":"standard","meta":[],"categories":[9],"tags":[],"_links":{"self":[{"href":"https:\/\/www.actualidadadiario.com\/index.php\/wp-json\/wp\/v2\/posts\/59223"}],"collection":[{"href":"https:\/\/www.actualidadadiario.com\/index.php\/wp-json\/wp\/v2\/posts"}],"about":[{"href":"https:\/\/www.actualidadadiario.com\/index.php\/wp-json\/wp\/v2\/types\/post"}],"author":[{"embeddable":true,"href":"https:\/\/www.actualidadadiario.com\/index.php\/wp-json\/wp\/v2\/users\/3"}],"replies":[{"embeddable":true,"href":"https:\/\/www.actualidadadiario.com\/index.php\/wp-json\/wp\/v2\/comments?post=59223"}],"version-history":[{"count":1,"href":"https:\/\/www.actualidadadiario.com\/index.php\/wp-json\/wp\/v2\/posts\/59223\/revisions"}],"predecessor-version":[{"id":59225,"href":"https:\/\/www.actualidadadiario.com\/index.php\/wp-json\/wp\/v2\/posts\/59223\/revisions\/59225"}],"wp:featuredmedia":[{"embeddable":true,"href":"https:\/\/www.actualidadadiario.com\/index.php\/wp-json\/wp\/v2\/media\/59224"}],"wp:attachment":[{"href":"https:\/\/www.actualidadadiario.com\/index.php\/wp-json\/wp\/v2\/media?parent=59223"}],"wp:term":[{"taxonomy":"category","embeddable":true,"href":"https:\/\/www.actualidadadiario.com\/index.php\/wp-json\/wp\/v2\/categories?post=59223"},{"taxonomy":"post_tag","embeddable":true,"href":"https:\/\/www.actualidadadiario.com\/index.php\/wp-json\/wp\/v2\/tags?post=59223"}],"curies":[{"name":"wp","href":"https:\/\/api.w.org\/{rel}","templated":true}]}}