{"id":59220,"date":"2020-03-20T12:07:02","date_gmt":"2020-03-20T15:07:02","guid":{"rendered":"https:\/\/www.actualidadadiario.com\/?p=59220"},"modified":"2020-03-20T12:07:02","modified_gmt":"2020-03-20T15:07:02","slug":"bordet-a-los-entrerrianos-tengan-mucha-tranquilidad","status":"publish","type":"post","link":"https:\/\/www.actualidadadiario.com\/index.php\/2020\/03\/20\/bordet-a-los-entrerrianos-tengan-mucha-tranquilidad\/","title":{"rendered":"Bordet a los entrerrianos: \u201cTengan mucha tranquilidad\u201d"},"content":{"rendered":"<p style=\"text-align: center;\"><em><strong>A pocos minutos del inicio del aislamiento obligatorio, el gobernador transmiti\u00f3 a los entrerrianos que &#8220;tengan mucha tranquilidad. Hay un gobernador y un equipo que va a estar permanentemente trabajando para poder mitigar los efectos de esta pandemia\u201d<\/strong><\/em><\/p>\n<p>&nbsp;<\/p>\n<p>&nbsp;<\/p>\n<p>Junto a sus pares de otras provincias, el mandatario particip\u00f3 este jueves de una reuni\u00f3n con el presidente Alberto Fern\u00e1ndez y su equipo de gobierno para ultimar los detalles de esta decisi\u00f3n.<\/p>\n<p>Luego pidi\u00f3 a todos los entrerrianos &#8220;que no se dejen llevar por noticias que a veces se publican en redes que son falsas y generan confusi\u00f3n. Tenemos que trabajar con mucha responsabilidad y pensando que si hacemos lo que corresponde, que es resguardarnos en nuestros hogares, las posibilidades de contagio son mucho menores y los efectos negativos de esta pandemia tambi\u00e9n ser\u00e1n mucho menores&#8221;.<\/p>\n<p>&#8220;Le digo a los entrerrianos que nuestro gobierno va a estar presente y vamos a estar trabajando codo a codo para evitar males mayores que esta pandemia nos puede traer&#8221;, indic\u00f3.<\/p>\n<p>&nbsp;<\/p>\n<p><strong>Medidas en la provincia<\/strong><\/p>\n<p>El mandatario adelant\u00f3 que habr\u00e1 severidad en los controles sobre el aislamiento social preventivo y obligatorio en la provincia, y que la Polic\u00eda de Entre R\u00edos trabajar\u00e1 en articulaci\u00f3n con las fuerzas nacionales.<\/p>\n<p>Agradeci\u00f3 la seriedad y el compromiso del equipo de salud y los agentes sanitarios ante la emergencia, destac\u00f3 que se est\u00e1n comprando respiradores para contar con m\u00e1s camas de internaci\u00f3n, y record\u00f3 que se est\u00e1 habilitando el Hospital de la Baxada en Paran\u00e1 y que se est\u00e1 \u201cponiendo a punto\u201d el del Bicentenario en Gualeguaych\u00fa \u201cpara tener toda la capacidad del sistema sanitario al servicio de los entrerrianos\u201d.<\/p>\n<p>Tambi\u00e9n remarc\u00f3 que se trabajar\u00e1 en medidas para morigerar el impacto de la pandemia en la econom\u00eda formal e informal.<\/p>\n<p>\u201cHoy el presidente ha decretado el aislamiento social obligatorio de todas las personas en sus domicilios para evitar la propagaci\u00f3n del virus\u201d explic\u00f3 Bordet y adelant\u00f3 que desde la Polic\u00eda de Entre R\u00edos se actuar\u00e1 en coordinaci\u00f3n con las fuerzas nacionales \u201cpara evitar que se infrinja lo que marca este decreto, porque es muy importante poder cuidarnos todos para evitar la propagaci\u00f3n del virus\u201d.<\/p>\n<p>&#8220;La prohibici\u00f3n de circular por el territorio del pa\u00eds, por lo cual no es necesario cerrar ninguna frontera ni puente en la provincia, salvo obviamente aquellos transportes a personas que est\u00e1n exceptuadas, transporte de combustible, de mercader\u00edas, insumos de salud y de medicamentos que obviamente estar\u00e1 muy controlado, y es lo \u00fanico que circular\u00e1&#8221;, especific\u00f3.<\/p>\n<p>\u201cEvidentemente el virus va a seguir creciendo en n\u00fameros de contagio\u201d adelant\u00f3 Bordet y aclar\u00f3 que el aislamiento obligatorio permitir\u00e1 \u201cevitar que los contagios sean exponenciales y esto pueda acarrearnos mayores problemas\u201d.<\/p>\n<p>Tambi\u00e9n ratific\u00f3 que \u201cvamos a trabajar comprometidamente como lo venimos haciendo con nuestros equipos de salud y tambi\u00e9n lo vamos a hacer atendiendo los requerimientos de cada uno de los vecinos a trav\u00e9s del 0800-777-8476 que hemos habilitado\u201d.<\/p>\n<p>&nbsp;<\/p>\n<p><strong>Unidad de mando y articulaci\u00f3n<\/strong><\/p>\n<p>Luego de la reuni\u00f3n en Olivos, Bordet destac\u00f3 que \u201cdesde un principio trabajamos en conjunto con el gobierno nacional adoptando las medidas en consonancia y transmiti\u00e9ndolas a los municipios\u201d, y remarc\u00f3 que \u201ces muy importante que tengamos una unidad de mando en medio de la emergencia, que tengamos centralizadas las decisiones y no se tomen medidas unilaterales que perjudican la estrategia del conjunto\u201d.<\/p>\n<p>\u201cSon tiempos que nos tienen que encontrar trabajando para superar esta situaci\u00f3n que es in\u00e9dita, donde el enemigo que tenemos es invisible, y tenemos que abordarlo con la m\u00e1xima responsabilidad que nos concierne a cada uno\u201d, expres\u00f3 el mandatario.<\/p>\n<p>\u201cEl mundo ha cambiado en pocas semanas y tenemos que adaptarnos, y para eso hay que tener la m\u00e1xima responsabilidad. A todas las familias entrerrianas les pido cuidarse, porque si cada familia se cuida nos cuidamos entre todos\u201d, continu\u00f3 Bordet<\/p>\n<p>&nbsp;<\/p>\n<p><strong>Consecuencias econ\u00f3micas<\/strong><\/p>\n<p>En ese marco, Bordet resalt\u00f3 que la medida tendr\u00e1 \u201cconsecuencias econ\u00f3micas tanto en el sector privado como tambi\u00e9n en las finanzas p\u00fablicas\u201d donde las previsiones realizadas por la provincia \u201cno se van a cumplir\u201d fruto de la ca\u00edda de la recaudaci\u00f3n.<\/p>\n<p>\u201cA partir de ma\u00f1ana vamos a estar trabajando con el gobierno nacional para ir buscando las medidas que puedan atenuar el impacto de muchos sectores sobre la econom\u00eda formal y de la econom\u00eda informal, que es igual de grave\u201d, detall\u00f3 el mandatario y se\u00f1al\u00f3: \u201cesto tenemos que abordarlo con mucha responsabilidad y seriedad\u201d.<\/p>\n<p>&nbsp;<\/p>\n<p><strong>Compra de respiradores<\/strong><\/p>\n<p>Por otra parte, el gobernador puso de relieve que Entre R\u00edos fue la primera provincia en crear el Comit\u00e9 de Organizaci\u00f3n de la Emergencia en Salud (COES), \u201cmucho antes de que tengamos el primer caso de Coronavirus\u201d.<\/p>\n<p>En ese sentido, valor\u00f3 el equipo de epidemi\u00f3logos, profesionales de la salud, enfermeros, enfermaras y agentes sanitarios que est\u00e1n \u201ctrabajando mancomunadamente de manera muy coordinada y con mucha seriedad para mitigar todos los efectos que produce esta pandemia\u201d.<\/p>\n<p>\u201cPermanentemente estamos recepcionando cada uno de los casos que se presenten como potenciales y cumpliendo a rajatabla el protocolo\u201d, precis\u00f3 y agradeci\u00f3 \u201ca todos los equipos que est\u00e1n trabajando en la provincia y en cada una de las ciudades porque lo est\u00e1n haciendo con mucho compromiso \u201c.<\/p>\n<p>Adem\u00e1s, resalt\u00f3 que a trav\u00e9s de la emergencia sanitaria decretada en la provincia se est\u00e1n disponiendo \u201clos recursos necesarios para que no falte ning\u00fan insumo en la provincia\u201d, y reiter\u00f3 el acuerdo con los laboratorios entrerrianos para \u201cla producci\u00f3n y distribuci\u00f3n de alcohol en gel. Tambi\u00e9n establecimos compras de materiales de limpieza, jabones y lavandina para tener las normas m\u00ednimas de salubridad garantizadas\u201d.<\/p>\n<p>\u201cTambi\u00e9n estamos comprando respiradores con fondos provinciales para garantizar, en caso de emergencias, todas las camas que se necesiten con los respiradores correspondientes\u201d, anunci\u00f3 y record\u00f3 que se est\u00e1 habilitando el Hospital de la Baxada en Paran\u00e1 y que se est\u00e1 \u201cponiendo a punto\u201d el del Bicentenario en Gualeguaychu \u201cpara tener toda la capacidad del sistema sanitario al servicio de los entrerrianos\u201d.<\/p>\n<p>\u201cSon momentos dif\u00edciles pero estamos trabajando articuladamente el gobierno nacional, provincial, municipales con un s\u00f3lo y \u00fanico criterio: mitigar los efectos que produce esta pandemia. Conf\u00eden los entrerrianos que vamos a estar al lado de cada familia para sobrellevar esta situaci\u00f3n\u201d, concluy\u00f3.<\/p>\n","protected":false},"excerpt":{"rendered":"<p>A pocos minutos del inicio del aislamiento obligatorio, el gobernador transmiti\u00f3 a los entrerrianos que &#8220;tengan mucha tranquilidad. Hay un gobernador y un equipo que va a estar permanentemente trabajando para poder mitigar los efectos de esta pandemia\u201d &nbsp; &nbsp; Junto a sus pares de otras provincias, el mandatario particip\u00f3 este jueves de una reuni\u00f3n con el presidente Alberto Fern\u00e1ndez y su equipo de gobierno para ultimar los detalles de esta decisi\u00f3n. Luego pidi\u00f3 a todos los entrerrianos &#8220;que no se dejen llevar por noticias que a veces se publican&#8230;<\/p>\n","protected":false},"author":3,"featured_media":59221,"comment_status":"closed","ping_status":"closed","sticky":false,"template":"","format":"standard","meta":[],"categories":[9],"tags":[],"_links":{"self":[{"href":"https:\/\/www.actualidadadiario.com\/index.php\/wp-json\/wp\/v2\/posts\/59220"}],"collection":[{"href":"https:\/\/www.actualidadadiario.com\/index.php\/wp-json\/wp\/v2\/posts"}],"about":[{"href":"https:\/\/www.actualidadadiario.com\/index.php\/wp-json\/wp\/v2\/types\/post"}],"author":[{"embeddable":true,"href":"https:\/\/www.actualidadadiario.com\/index.php\/wp-json\/wp\/v2\/users\/3"}],"replies":[{"embeddable":true,"href":"https:\/\/www.actualidadadiario.com\/index.php\/wp-json\/wp\/v2\/comments?post=59220"}],"version-history":[{"count":1,"href":"https:\/\/www.actualidadadiario.com\/index.php\/wp-json\/wp\/v2\/posts\/59220\/revisions"}],"predecessor-version":[{"id":59222,"href":"https:\/\/www.actualidadadiario.com\/index.php\/wp-json\/wp\/v2\/posts\/59220\/revisions\/59222"}],"wp:featuredmedia":[{"embeddable":true,"href":"https:\/\/www.actualidadadiario.com\/index.php\/wp-json\/wp\/v2\/media\/59221"}],"wp:attachment":[{"href":"https:\/\/www.actualidadadiario.com\/index.php\/wp-json\/wp\/v2\/media?parent=59220"}],"wp:term":[{"taxonomy":"category","embeddable":true,"href":"https:\/\/www.actualidadadiario.com\/index.php\/wp-json\/wp\/v2\/categories?post=59220"},{"taxonomy":"post_tag","embeddable":true,"href":"https:\/\/www.actualidadadiario.com\/index.php\/wp-json\/wp\/v2\/tags?post=59220"}],"curies":[{"name":"wp","href":"https:\/\/api.w.org\/{rel}","templated":true}]}}