{"id":59213,"date":"2020-03-18T11:20:26","date_gmt":"2020-03-18T14:20:26","guid":{"rendered":"https:\/\/www.actualidadadiario.com\/?p=59213"},"modified":"2020-03-18T11:20:36","modified_gmt":"2020-03-18T14:20:36","slug":"el-144-se-fortalece-para-acompanar-a-mujeres-en-cuarentena","status":"publish","type":"post","link":"https:\/\/www.actualidadadiario.com\/index.php\/2020\/03\/18\/el-144-se-fortalece-para-acompanar-a-mujeres-en-cuarentena\/","title":{"rendered":"El 144 se fortalece para acompa\u00f1ar a mujeres en cuarentena"},"content":{"rendered":"<p style=\"text-align: center;\"><em><strong>&#8220;Estamos ampliando la atenci\u00f3n por si hay m\u00e1s llamados por el mayor tiempo de convivencia debido a las medidas adoptadas por la crisis sanitaria&#8221;, dijo Josefina Neila Kelly, secretaria de Pol\u00edticas Contra la Violencia por Razones de G\u00e9nero del Ministerio de las Mujeres, G\u00e9neros y Diversidad de Naci\u00f3n<\/strong><\/em><\/p>\n<p>&nbsp;<\/p>\n<p>&nbsp;<\/p>\n<p>Campa\u00f1as de difusi\u00f3n para recordar que la l\u00ednea 144 de atenci\u00f3n en violencia de g\u00e9nero atiende las 24 horas en todo el pa\u00eds y que pueden llamar personas testigos de situaciones de peligro y m\u00e1s personal para sostener la demanda de llamadas son algunos de los recursos que est\u00e1n activando los ministerios de las Mujeres nacional y bonaerense para acompa\u00f1ar a mujeres en situaci\u00f3n de violencia que debido a la crisis por el coronavirus deben permanecer en sus casas, muchas de ellas, conviviendo con el violento.<\/p>\n<p>&#8220;Estamos ampliando la atenci\u00f3n por si hay m\u00e1s llamados por el mayor tiempo de convivencia debido a las medidas adoptadas por la crisis sanitaria. Sabemos que, por ejemplo el \u00faltimo relevamiento de la Corte sobre femicidios, determin\u00f3 que el 75% se produjo en la casa&#8221;, dijo a T\u00e9lam Josefina Kelly, secretaria de Pol\u00edticas Contra la Violencia por Razones de G\u00e9nero del Ministerio de las Mujeres, G\u00e9neros y Diversidad de Naci\u00f3n.<\/p>\n<p>Las distintas estad\u00edsticas sobre femicidio que circulan en Argentina demuestran que, para mujeres en riesgo de violencia, el hogar es el lugar m\u00e1s peligroso.<\/p>\n<p>Adem\u00e1s de la Corte, en 2019 la Defensoria del Pueblo de Naci\u00f3n registr\u00f3 327 femicidios, de los cuales el 87% fue en la casa de la v\u00edctima.<\/p>\n<p>En tanto MuMaLa identific\u00f3 el a\u00f1o pasado 284 femicidios, donde el 38% fueron en la casa de la mujer.<\/p>\n<p>En tiempos de coronavirus, la Organizaci\u00f3n Mundial de la Salud (OMS) es una fuente diaria para los medios. Este organismo determin\u00f3 desde 2013 que la violencia de g\u00e9nero es un \u201cproblema de salud global de proporciones epid\u00e9micas\u201d.<\/p>\n<p>Por eso la preocupaci\u00f3n gubernamental para atender la epidemia de violencia femicida a la par de la pandemia de coronavirus.<\/p>\n<p>&#8220;Las mujeres pueden recurrir a la app del 144, bajarla en sus tel\u00e9fonos o escribir un mail a linea144@mingeneros.gob.ar, y tambi\u00e9n apelamos a la solidaridad m\u00e1s que nunca, ya que no s\u00f3lo la v\u00edctima puede llamar el 144, tambi\u00e9n testigos de esta situaci\u00f3n si ella no puede hacerlo&#8221;, resalt\u00f3 Kelly.<\/p>\n<p>En tanto, Flavia Delmas, subsecretaria de Pol\u00edticas contra las Violencias por Razones de G\u00e9nero del Ministerio de las Mujeres, Pol\u00edticas de G\u00e9nero y Diversidad Sexual bonaerense, adelant\u00f3 a T\u00e9lam que &#8220;el viernes vamos a realizar una mesa de trabajo con otros ministerios, el Ministerio P\u00fablico Fiscal y la Corte para dise\u00f1ar estrategias en el marco de la violencia de g\u00e9nero en situaci\u00f3n de crisis y prevenci\u00f3n de femicidios&#8221;.<\/p>\n<p>Asimismo cont\u00f3 que est\u00e1n &#8220;fortaleciendo el 144, sumando m\u00e1s trabajadoras&#8221; ya que muchas de las operadoras &#8220;son grupo de riesgo o deben permanecer en sus casas con sus hijes, as\u00ed que debemos sostener la demanda&#8221;.<\/p>\n<p>Tambi\u00e9n, por la misma situaci\u00f3n del personal afectado directamente por las medidas preventivas sanitarias, comenzaron a incorporar &#8220;personal de otras \u00e1reas del Gobierno para que colaboren en el seguimiento de casos cr\u00edticos, algo que siguen haciendo quienes est\u00e1n trabajando desde sus casas&#8221;.<\/p>\n<p>Adem\u00e1s &#8220;esta semana estamos terminando de redactar las caracter\u00edsticas y alcances del fondo permanente especial para las mesas locales intersectoriales contra las violencia por razones de g\u00e9nero y las \u00e1reas que atienden violencia en los municipios&#8221;, dijo.<\/p>\n<p>En tanto desde la Oficina de Violencia Dom\u00e9stica (OVD) de la Corte Suprema de Justicia explicaron a T\u00e9lam que &#8220;se sigue atendiendo las 24 horas con personal reducido porque est\u00e1 afectado a las medidas preventivas, pero el lugar est\u00e1 abierto y se habilit\u00f3 un hall al lado, en la C\u00e1mara Civil, para respetar la distancia social&#8221;.<\/p>\n<p>Desde la Corte tambi\u00e9n recomendaron &#8220;que quienes viven en Ciudad de Buenos Aires y tienen una situaci\u00f3n cr\u00edtica deben llamar al 144 o 911, ya que aqu\u00ed hacemos atenci\u00f3n presencial&#8221;.<\/p>\n<p>Desde la organizaci\u00f3n MuMaLa tambi\u00e9n alentaron a trav\u00e9s de una campa\u00f1a en redes a llamar al 144 y a &#8220;las redes de apoyo de personas de confianza para acompa\u00f1ar a mujeres en riesgo&#8221;.<\/p>\n<p>Sobre esta realidad, el m\u00e9dico Miguel Lorente que fue delegado del Gobierno espa\u00f1ol para la Violencia de G\u00e9nero escribi\u00f3 ayer en su blog: &#8220;Tambi\u00e9n tenemos que actuar contra la pandemia de la violencia de g\u00e9nero y evitar sus consecuencias y muertes. Ahora estamos a tiempo de adoptar medidas preventivas, y en esta materia, precisamente, lo \u00fanico que no podemos hacer es \u201clavarnos las manos\u201d.<\/p>\n","protected":false},"excerpt":{"rendered":"<p>&#8220;Estamos ampliando la atenci\u00f3n por si hay m\u00e1s llamados por el mayor tiempo de convivencia debido a las medidas adoptadas por la crisis sanitaria&#8221;, dijo Josefina Neila Kelly, secretaria de Pol\u00edticas Contra la Violencia por Razones de G\u00e9nero del Ministerio de las Mujeres, G\u00e9neros y Diversidad de Naci\u00f3n &nbsp; &nbsp; Campa\u00f1as de difusi\u00f3n para recordar que la l\u00ednea 144 de atenci\u00f3n en violencia de g\u00e9nero atiende las 24 horas en todo el pa\u00eds y que pueden llamar personas testigos de situaciones de peligro y m\u00e1s personal para sostener la demanda&#8230;<\/p>\n","protected":false},"author":3,"featured_media":59214,"comment_status":"closed","ping_status":"closed","sticky":false,"template":"","format":"standard","meta":[],"categories":[4],"tags":[],"_links":{"self":[{"href":"https:\/\/www.actualidadadiario.com\/index.php\/wp-json\/wp\/v2\/posts\/59213"}],"collection":[{"href":"https:\/\/www.actualidadadiario.com\/index.php\/wp-json\/wp\/v2\/posts"}],"about":[{"href":"https:\/\/www.actualidadadiario.com\/index.php\/wp-json\/wp\/v2\/types\/post"}],"author":[{"embeddable":true,"href":"https:\/\/www.actualidadadiario.com\/index.php\/wp-json\/wp\/v2\/users\/3"}],"replies":[{"embeddable":true,"href":"https:\/\/www.actualidadadiario.com\/index.php\/wp-json\/wp\/v2\/comments?post=59213"}],"version-history":[{"count":2,"href":"https:\/\/www.actualidadadiario.com\/index.php\/wp-json\/wp\/v2\/posts\/59213\/revisions"}],"predecessor-version":[{"id":59216,"href":"https:\/\/www.actualidadadiario.com\/index.php\/wp-json\/wp\/v2\/posts\/59213\/revisions\/59216"}],"wp:featuredmedia":[{"embeddable":true,"href":"https:\/\/www.actualidadadiario.com\/index.php\/wp-json\/wp\/v2\/media\/59214"}],"wp:attachment":[{"href":"https:\/\/www.actualidadadiario.com\/index.php\/wp-json\/wp\/v2\/media?parent=59213"}],"wp:term":[{"taxonomy":"category","embeddable":true,"href":"https:\/\/www.actualidadadiario.com\/index.php\/wp-json\/wp\/v2\/categories?post=59213"},{"taxonomy":"post_tag","embeddable":true,"href":"https:\/\/www.actualidadadiario.com\/index.php\/wp-json\/wp\/v2\/tags?post=59213"}],"curies":[{"name":"wp","href":"https:\/\/api.w.org\/{rel}","templated":true}]}}