{"id":59207,"date":"2020-03-18T11:18:55","date_gmt":"2020-03-18T14:18:55","guid":{"rendered":"https:\/\/www.actualidadadiario.com\/?p=59207"},"modified":"2020-03-18T11:18:55","modified_gmt":"2020-03-18T14:18:55","slug":"bolsonaro-desafiante-se-abstiene-de-tomar-medidas-basicas-en-brasil","status":"publish","type":"post","link":"https:\/\/www.actualidadadiario.com\/index.php\/2020\/03\/18\/bolsonaro-desafiante-se-abstiene-de-tomar-medidas-basicas-en-brasil\/","title":{"rendered":"Bolsonaro desafiante, se abstiene de tomar medidas b\u00e1sicas en Brasil"},"content":{"rendered":"<p style=\"text-align: center;\"><em><strong>Demuestra no haber tomado nota del avance del coronavirus en su pa\u00eds, donde este martes se registr\u00f3 la primera v\u00edctima fatal<\/strong><\/em><\/p>\n<p>&nbsp;<\/p>\n<p>&nbsp;<\/p>\n<p>Por las actitudes y declaraciones realizadas en los \u00faltimos d\u00edas Jair Bolsonaro demuestra no haber tomado nota del modo como el coronavirus est\u00e1 avanzando en Brasil, donde este martes se registr\u00f3 la primera v\u00edctima fatal: un hombre de 62 a\u00f1os, que no estuvo en el exterior y falleci\u00f3 en San Pablo a ra\u00edz de un contagio interno. En los \u00faltimos cuatro d\u00edas los infectados pasaron de 121 a 290, conforme los n\u00fameros del Ministerio de Salud que suelen pasar por alto o reportar con atraso las informaciones de varios estados. Las personas con s\u00edntomas que todav\u00eda no tienen un diagn\u00f3stico firme saltaron de 1913 a 8.819 entre el s\u00e1bado y el martes.<\/p>\n<p>Una empleada dom\u00e9stica, cuya patrona regres\u00f3 recientemente de Europa, falleci\u00f3 en el interior Rio de Janeiro con s\u00edntomas del virus pero a\u00fan no se confirm\u00f3 el motivo de su deceso.<\/p>\n<p>Todo el arco pol\u00edtico, desde el opositor Partido de los Trabajadores hasta dirigentes derechista Partido de la Socialdemocracia Brasile\u00f1a se manifestaron con alarma, mientras el presidente reiter\u00f3 hoy su desinter\u00e9s sobre los datos de la enfermedad y atribuy\u00f3 a grupos malintencionados un plan para sembrar &#8220;histeria&#8221; colectiva para afectar la econom\u00eda de su pa\u00eds. Piensa igual que su socio pol\u00edtico y espiritual, el obispo Edir Macedo, propietario de la cadena de TV Record y la Iglesia Universal del Reino de Dios, para quien el coronavirus es inofensivo y la alarma es fruto de Satan\u00e1s.<\/p>\n<p>Sin tomar nota del primer muerto por el virus, al que se podr\u00edan sumar otros cuatro pacientes que estuvieron internados en el mismo hospital paulistano, el jefe de Estado anunci\u00f3 que va a organizar una &#8220;fiestita&#8221; para conmemorar su 65 cumplea\u00f1os el pr\u00f3ximo 21 de marzo.<\/p>\n<p>Lo anunci\u00f3 desafiando a sus m\u00e9dicos que le recomendaron permanecer aislado hasta que se sepa si contrajo o no el Covid-19. El primer examen dio negativo pero no fue conclusivo. Se realiz\u00f3 el test el jueves a poco de retornar de Estados Unidos donde lo recibi\u00f3 Donald Trump. Catorce personas integrantes de la comitiva presidencial est\u00e1n infectados, entre ellos el designado embajador en Washington, N\u00e9stor Froster y el secretario de Comunicaciones del Palacio del Planalto, Fabio Wajngarten.<\/p>\n<p>Trump dijo a colaboradores estar &#8220;preocupado&#8221; por el contacto f\u00edsico que tuvo con Wajngarten, junto al cual se tom\u00f3 una foto en su resort de Palm Beach, Florida, y de quien recibi\u00f3 una gorra con el lema &#8220;Take Brazil Great Again&#8221;, una frase de la campa\u00f1a electoral republicana de 2016 que los bolsonaristas reciclaron para su propia publicidad. Brazil con &#8220;z&#8221;, a la americana.<\/p>\n<p>Wajngarten estuvo unos diez minutos cerca de Trump y permaneci\u00f3 mucho m\u00e1s tiempo cerca del mandatario brasile\u00f1o, para quien trabaj\u00f3 durante los cuatro d\u00edas de la visita norteamericana. Otro que abraz\u00f3 a Bolsonaro fue el alcalde de Miami, Francis Su\u00e1rez, que dio positivo en un test cuyo resultado se conoci\u00f3 el viernes. Hay m\u00e1s: los venti\u00fan motociclistas de la Polic\u00eda de Miami que lo escoltaron durante parte de esos cuatro d\u00edas est\u00e1n en cuarentena.<\/p>\n<p>Emulo de Donald Trump, Bolsonaro no imita a su colega en lo que refiere a la pandemia. Mientras el magnate cerr\u00f3 las fronteras a\u00e9reas y adopt\u00f3 otras medidas de emergencia el capit\u00e1n retirado permanece en su negacionismo.<\/p>\n<p>Declar\u00f3 que no piensa cerrar las fronteras ni imponer restricciones a los vuelos llegados del exterior y critic\u00f3, sin nombrarlo, al gobernador de Rio de Janeiro, Wilson Witzel, por haber decretado el cierre de escuelas y recomendaciones que el p\u00fablico evite espacios p\u00fablicos y abarrote las playas.<\/p>\n<p>El lunes estuvo ausente de la videoconferencia en la que participaron Alberto Fern\u00e1ndez y otros mandatarios sudamericanos en la que se intercambiaron informaciones sobre la dolencia.<\/p>\n<p>Ha evitado estar en las reuniones ministeriales sobre el Covid-19 y reci\u00e9n el lunes cre\u00f3 un gabinete de crisis al frente del cual design\u00f3 al general Walter Souza Braga Netto, en cuyo curr\u00edculum sobresale la represi\u00f3n sangrienta de las favelas de Rio de Janeiro durante la intervenci\u00f3n militar de 2018, pero no aparece ning\u00fan antecedente relevante en materia de salud p\u00fablica.<\/p>\n<p>El domingo Bolsonaro particip\u00f3 en un acto de ultraderecha convocado para atacar al Congreso y el Poder Judicial, e incitar con poco disimulo a una suerte de autogolpe. La marcha se realiz\u00f3 pese a que la Gobernaci\u00f3n de Brasilia recomend\u00f3 que no se hiciera para reducir los focos de contagio.<\/p>\n<p>En ese m\u00edtin volvi\u00f3 a desafiar a los m\u00e9dicos al transgredir su cuarentena y tomar contacto 272 veces con sus seguidores (los palme\u00f3, dio la mano, tom\u00f3 selfies y us\u00f3 gorras), seg\u00fan el conteo realizado por el diario O Estado de San Pablo.<\/p>\n<p>Ese mismo peri\u00f3dico conservador que apoy\u00f3 el ascenso del bolsonarismo escribi\u00f3 en su editorial del martes, &#8220;El mundo est\u00e1 en guerra con el coronavirus, mientras Bolsonaro mira a sus enemigos particulares&#8221;.<\/p>\n","protected":false},"excerpt":{"rendered":"<p>Demuestra no haber tomado nota del avance del coronavirus en su pa\u00eds, donde este martes se registr\u00f3 la primera v\u00edctima fatal &nbsp; &nbsp; Por las actitudes y declaraciones realizadas en los \u00faltimos d\u00edas Jair Bolsonaro demuestra no haber tomado nota del modo como el coronavirus est\u00e1 avanzando en Brasil, donde este martes se registr\u00f3 la primera v\u00edctima fatal: un hombre de 62 a\u00f1os, que no estuvo en el exterior y falleci\u00f3 en San Pablo a ra\u00edz de un contagio interno. En los \u00faltimos cuatro d\u00edas los infectados pasaron de 121&#8230;<\/p>\n","protected":false},"author":3,"featured_media":59208,"comment_status":"closed","ping_status":"closed","sticky":false,"template":"","format":"standard","meta":[],"categories":[4],"tags":[],"_links":{"self":[{"href":"https:\/\/www.actualidadadiario.com\/index.php\/wp-json\/wp\/v2\/posts\/59207"}],"collection":[{"href":"https:\/\/www.actualidadadiario.com\/index.php\/wp-json\/wp\/v2\/posts"}],"about":[{"href":"https:\/\/www.actualidadadiario.com\/index.php\/wp-json\/wp\/v2\/types\/post"}],"author":[{"embeddable":true,"href":"https:\/\/www.actualidadadiario.com\/index.php\/wp-json\/wp\/v2\/users\/3"}],"replies":[{"embeddable":true,"href":"https:\/\/www.actualidadadiario.com\/index.php\/wp-json\/wp\/v2\/comments?post=59207"}],"version-history":[{"count":1,"href":"https:\/\/www.actualidadadiario.com\/index.php\/wp-json\/wp\/v2\/posts\/59207\/revisions"}],"predecessor-version":[{"id":59209,"href":"https:\/\/www.actualidadadiario.com\/index.php\/wp-json\/wp\/v2\/posts\/59207\/revisions\/59209"}],"wp:featuredmedia":[{"embeddable":true,"href":"https:\/\/www.actualidadadiario.com\/index.php\/wp-json\/wp\/v2\/media\/59208"}],"wp:attachment":[{"href":"https:\/\/www.actualidadadiario.com\/index.php\/wp-json\/wp\/v2\/media?parent=59207"}],"wp:term":[{"taxonomy":"category","embeddable":true,"href":"https:\/\/www.actualidadadiario.com\/index.php\/wp-json\/wp\/v2\/categories?post=59207"},{"taxonomy":"post_tag","embeddable":true,"href":"https:\/\/www.actualidadadiario.com\/index.php\/wp-json\/wp\/v2\/tags?post=59207"}],"curies":[{"name":"wp","href":"https:\/\/api.w.org\/{rel}","templated":true}]}}