{"id":59204,"date":"2020-03-18T11:18:10","date_gmt":"2020-03-18T14:18:10","guid":{"rendered":"https:\/\/www.actualidadadiario.com\/?p=59204"},"modified":"2020-03-18T11:18:10","modified_gmt":"2020-03-18T14:18:10","slug":"el-presidente-chileno-anuncio-un-plan-para-reformar-carabineros","status":"publish","type":"post","link":"https:\/\/www.actualidadadiario.com\/index.php\/2020\/03\/18\/el-presidente-chileno-anuncio-un-plan-para-reformar-carabineros\/","title":{"rendered":"El presidente chileno anunci\u00f3 un plan para reformar Carabineros"},"content":{"rendered":"<p style=\"text-align: center;\"><em><strong>Pi\u00f1era dijo que \u201cla reforma, la modernizaci\u00f3n de Carabineros, es algo urgente, indispensable y necesaria\u201d<\/strong><\/em><\/p>\n<p>&nbsp;<\/p>\n<p>&nbsp;<\/p>\n<p>El presidente de Chile, Sebasti\u00e1n Pi\u00f1era, present\u00f3 esta ma\u00f1ana un informe para la reforma de Carabineros con prioridad en el orden p\u00fablico, la protecci\u00f3n de los derechos humanos y su relaci\u00f3n con la ciudadan\u00eda, luego de las masivas denuncias de abusos por parte de los efectivos de esa fuerza.<\/p>\n<p>La presentaci\u00f3n del informe se realiz\u00f3 en el Palacio de La Moneda, bajo estrictas medidas de seguridad sanitaria producto del coronavirus, con separaci\u00f3n de un metro entre los invitados y con la prensa en otro sector de la Casa de Gobierno, para restringir el contacto y la aglomeraci\u00f3n de personas.<\/p>\n<p>Pi\u00f1era dijo que \u201cla reforma, la modernizaci\u00f3n de Carabineros, es algo urgente, indispensable y necesaria\u201d.<\/p>\n<p>Carabineros est\u00e1 en el centro de los cuestionamientos por su actuaci\u00f3n posterior al 18 de octubre pasado, fecha en la que comenz\u00f3 el estallido social en Chile con masivas marchas, ya que numerosos organismos de Derechos Humanos nacionales e internacionales han presentado informes que registran m\u00faltiples abusos, incluso agresiones sexuales, por parte de la fuerza policial chilena.<\/p>\n<p>A modo de ejemplo, en diciembre, el Instituto Nacional de Derechos Humanos de Chile (INDH), confirm\u00f3 desde octubre el organismo, que monitore\u00f3 247 jornadas de protesta, visit\u00f3 1.163 centros de salud, 56 comisar\u00edas, present\u00f3 588 querellas contra carabineros y militares, de las cuales 476 son por casos de tortura.<\/p>\n<p>&#8220;Jam\u00e1s pens\u00e9 sentarme a entregar estas cifras. Son las m\u00e1s graves violaciones a los derechos humanos desde el retorno a la democracia en 1989&#8221;, afirm\u00f3 Sergio Micco, el director del organismo, que critic\u00f3 el uso indiscriminado de perdigones y de gases lacrim\u00f3genos contra manifestantes que participan de las protestas.<\/p>\n<p>Durante el anuncio de hoy, el presidente dijo que \u201chan sido tiempos extraordinariamente dif\u00edciles\u201d, pero remarc\u00f3 que \u201cno podemos confundir la conducta de toda una instituci\u00f3n con los errores, faltas o delitos que hayan cometido algunos de ellos\u201d.<\/p>\n<p>Una de las medidas presentadas por el mandatario es la creaci\u00f3n de un Ministerio de Seguridad P\u00fablica que trabaje \u201cen la coordinaci\u00f3n estrat\u00e9gica de Carabineros\u201d.<\/p>\n<p>El jefe de Estado pidi\u00f3 a la sociedad respaldar a los carabineros, \u201cno son de izquierda ni de derecha, no son del gobierno ni de la oposici\u00f3n, no son del apruebo ni del rechazo, son de todos los chilenos y est\u00e1n para cuidarnos\u201d.<\/p>\n<p>Por \u00faltimo, Pi\u00f1era se\u00f1al\u00f3 que la reforma llevar\u00e1 tiempo y que \u201cdebe tener continuidad en el tiempo. Son procesos que toman tiempo, que requieren perseverancia\u201d.<\/p>\n<p>El siguiente paso es la preparaci\u00f3n por parte del gobierno de un proyecto de ley para enviar al Congreso.<\/p>\n","protected":false},"excerpt":{"rendered":"<p>Pi\u00f1era dijo que \u201cla reforma, la modernizaci\u00f3n de Carabineros, es algo urgente, indispensable y necesaria\u201d &nbsp; &nbsp; El presidente de Chile, Sebasti\u00e1n Pi\u00f1era, present\u00f3 esta ma\u00f1ana un informe para la reforma de Carabineros con prioridad en el orden p\u00fablico, la protecci\u00f3n de los derechos humanos y su relaci\u00f3n con la ciudadan\u00eda, luego de las masivas denuncias de abusos por parte de los efectivos de esa fuerza. La presentaci\u00f3n del informe se realiz\u00f3 en el Palacio de La Moneda, bajo estrictas medidas de seguridad sanitaria producto del coronavirus, con separaci\u00f3n de&#8230;<\/p>\n","protected":false},"author":3,"featured_media":59205,"comment_status":"closed","ping_status":"closed","sticky":false,"template":"","format":"standard","meta":[],"categories":[4],"tags":[],"_links":{"self":[{"href":"https:\/\/www.actualidadadiario.com\/index.php\/wp-json\/wp\/v2\/posts\/59204"}],"collection":[{"href":"https:\/\/www.actualidadadiario.com\/index.php\/wp-json\/wp\/v2\/posts"}],"about":[{"href":"https:\/\/www.actualidadadiario.com\/index.php\/wp-json\/wp\/v2\/types\/post"}],"author":[{"embeddable":true,"href":"https:\/\/www.actualidadadiario.com\/index.php\/wp-json\/wp\/v2\/users\/3"}],"replies":[{"embeddable":true,"href":"https:\/\/www.actualidadadiario.com\/index.php\/wp-json\/wp\/v2\/comments?post=59204"}],"version-history":[{"count":1,"href":"https:\/\/www.actualidadadiario.com\/index.php\/wp-json\/wp\/v2\/posts\/59204\/revisions"}],"predecessor-version":[{"id":59206,"href":"https:\/\/www.actualidadadiario.com\/index.php\/wp-json\/wp\/v2\/posts\/59204\/revisions\/59206"}],"wp:featuredmedia":[{"embeddable":true,"href":"https:\/\/www.actualidadadiario.com\/index.php\/wp-json\/wp\/v2\/media\/59205"}],"wp:attachment":[{"href":"https:\/\/www.actualidadadiario.com\/index.php\/wp-json\/wp\/v2\/media?parent=59204"}],"wp:term":[{"taxonomy":"category","embeddable":true,"href":"https:\/\/www.actualidadadiario.com\/index.php\/wp-json\/wp\/v2\/categories?post=59204"},{"taxonomy":"post_tag","embeddable":true,"href":"https:\/\/www.actualidadadiario.com\/index.php\/wp-json\/wp\/v2\/tags?post=59204"}],"curies":[{"name":"wp","href":"https:\/\/api.w.org\/{rel}","templated":true}]}}