{"id":59199,"date":"2020-03-18T11:15:35","date_gmt":"2020-03-18T14:15:35","guid":{"rendered":"https:\/\/www.actualidadadiario.com\/?p=59199"},"modified":"2020-03-18T11:15:35","modified_gmt":"2020-03-18T14:15:35","slug":"alberto-recibe-a-jefes-de-bloques-de-diputados","status":"publish","type":"post","link":"https:\/\/www.actualidadadiario.com\/index.php\/2020\/03\/18\/alberto-recibe-a-jefes-de-bloques-de-diputados\/","title":{"rendered":"Alberto recibe a jefes de bloques de Diputados"},"content":{"rendered":"<p style=\"text-align: center;\"><em><strong>El encuentro ser\u00e1 para acordar acciones conjuntas en el esquema de prevenci\u00f3n y combate del coronavirus. En este sentido, el jefe de la bancada de Juntos por el Cambio, Mario Negri, afirm\u00f3 que su sector est\u00e1 &#8220;codo con codo&#8221; con el gobierno<\/strong><\/em><\/p>\n<p>&nbsp;<\/p>\n<p>&nbsp;<\/p>\n<p>El presidente Alberto Fern\u00e1ndez se reunir\u00e1 esta tarde con los jefes de los diversos bloques de la C\u00e1mara de Diputados de la Naci\u00f3n para acordar acciones conjuntas en el esquema de prevenci\u00f3n y combate del coronavirus.<\/p>\n<p>El encuentro ser\u00e1 a las 17 en la Casa Rosada y el diputado radical Mario Negri, presidente de la principal bancada opositora, Interbloque de Juntos por el Cambio, afirm\u00f3 que su sector est\u00e1 &#8220;codo con codo&#8221; con el gobierno contra el coronavirus.<\/p>\n<p>Negri garantiz\u00f3 su presencia en la reuni\u00f3n convocada por Fern\u00e1ndez y sostuvo que &#8220;es importante que el Presidente conduzca y el Parlamento colabore&#8221;.<\/p>\n<p>&#8220;Estamos con el \u00e1nimo absoluto de colaborar, estamos listos; el coronavirus no es un tema de la ideolog\u00eda, es una pandemia que atenta contra todos. El Gobierno debe conducir y nosotros estamos para acompa\u00f1ar en todo lo que sea necesario, sin poner obst\u00e1culos&#8221;, dijo Negri a la prensa.<\/p>\n<p>En ese sentido, se\u00f1al\u00f3 que a ese sector de la oposici\u00f3n le &#8220;parece bien que el Presidente haya invitado a los jefes de los bloques de diputados y senadores para ma\u00f1ana en la Casa Rosada. Estamos &#8216;codo con codo&#8217; en estas circunstancias&#8221;.<\/p>\n<p>&#8220;Estas reuniones son imprescindibles para no tener contradicciones. En eso es importante que el Presidente de la Naci\u00f3n sea el que conduzca el comando estrat\u00e9gico, adem\u00e1s de sumar a las instituciones, al Parlamento, a los cient\u00edficos, a los que saben, y contemplar tambi\u00e9n la experiencia de otros pa\u00edses&#8221;, agreg\u00f3.<\/p>\n<p>&#8220;Hay que dar respuesta a la sociedad, esto nos atraviesa a todos&#8221;, afirm\u00f3.<\/p>\n<p>Consultado por la tarea del Congreso durante la crisis de esta pandemia, Negri manifest\u00f3: &#8220;La actividad parlamentaria tiene que repensarse, hay empleados licenciados, se actuar\u00e1 con guardias m\u00ednimas pero la C\u00e1mara Baja no se cierra, cada legislador define en los m\u00e1s \u00edntimo y en su oficina c\u00f3mo trabajar\u00e1&#8221;.<\/p>\n<p>En tanto, diputados nacionales de la UCR presentaron un proyecto de ley para establecer el derecho a una prestaci\u00f3n econ\u00f3mica universal, denominada Ingreso B\u00e1sico Universal de Emergencia, destinada a aquellos ciudadanos que no poseen un ingreso fijo.<\/p>\n<p>&#8220;El aislamiento para frenar el Coronavirus ha causado que las personas no puedan desempe\u00f1ar sus labores diarias. Quienes cuentan con un empleo formal pueden acceder a licencias y mantener sus ingresos, pero los que est\u00e1n en la informalidad y los trabajadores independientes se encuentran totalmente desprotegidos&#8221;, explic\u00f3 el diputado Alejandro Cacace, impulsor de esta iniciativa.<\/p>\n<p>El proyecto cuenta con el apoyo de sus colegas Alfredo Cornejo, Jimena Latorre, Claudia Najul, Dolores Mart\u00ednez y A\u00edda Ayala, entre otros.<\/p>\n","protected":false},"excerpt":{"rendered":"<p>El encuentro ser\u00e1 para acordar acciones conjuntas en el esquema de prevenci\u00f3n y combate del coronavirus. En este sentido, el jefe de la bancada de Juntos por el Cambio, Mario Negri, afirm\u00f3 que su sector est\u00e1 &#8220;codo con codo&#8221; con el gobierno &nbsp; &nbsp; El presidente Alberto Fern\u00e1ndez se reunir\u00e1 esta tarde con los jefes de los diversos bloques de la C\u00e1mara de Diputados de la Naci\u00f3n para acordar acciones conjuntas en el esquema de prevenci\u00f3n y combate del coronavirus. El encuentro ser\u00e1 a las 17 en la Casa Rosada&#8230;<\/p>\n","protected":false},"author":3,"featured_media":55777,"comment_status":"closed","ping_status":"closed","sticky":false,"template":"","format":"standard","meta":[],"categories":[18],"tags":[],"_links":{"self":[{"href":"https:\/\/www.actualidadadiario.com\/index.php\/wp-json\/wp\/v2\/posts\/59199"}],"collection":[{"href":"https:\/\/www.actualidadadiario.com\/index.php\/wp-json\/wp\/v2\/posts"}],"about":[{"href":"https:\/\/www.actualidadadiario.com\/index.php\/wp-json\/wp\/v2\/types\/post"}],"author":[{"embeddable":true,"href":"https:\/\/www.actualidadadiario.com\/index.php\/wp-json\/wp\/v2\/users\/3"}],"replies":[{"embeddable":true,"href":"https:\/\/www.actualidadadiario.com\/index.php\/wp-json\/wp\/v2\/comments?post=59199"}],"version-history":[{"count":1,"href":"https:\/\/www.actualidadadiario.com\/index.php\/wp-json\/wp\/v2\/posts\/59199\/revisions"}],"predecessor-version":[{"id":59200,"href":"https:\/\/www.actualidadadiario.com\/index.php\/wp-json\/wp\/v2\/posts\/59199\/revisions\/59200"}],"wp:featuredmedia":[{"embeddable":true,"href":"https:\/\/www.actualidadadiario.com\/index.php\/wp-json\/wp\/v2\/media\/55777"}],"wp:attachment":[{"href":"https:\/\/www.actualidadadiario.com\/index.php\/wp-json\/wp\/v2\/media?parent=59199"}],"wp:term":[{"taxonomy":"category","embeddable":true,"href":"https:\/\/www.actualidadadiario.com\/index.php\/wp-json\/wp\/v2\/categories?post=59199"},{"taxonomy":"post_tag","embeddable":true,"href":"https:\/\/www.actualidadadiario.com\/index.php\/wp-json\/wp\/v2\/tags?post=59199"}],"curies":[{"name":"wp","href":"https:\/\/api.w.org\/{rel}","templated":true}]}}