{"id":59185,"date":"2020-03-18T11:11:27","date_gmt":"2020-03-18T14:11:27","guid":{"rendered":"https:\/\/www.actualidadadiario.com\/?p=59185"},"modified":"2020-03-18T11:11:27","modified_gmt":"2020-03-18T14:11:27","slug":"oficialismo-y-oposicion-acordaron-acciones-en-el-congreso","status":"publish","type":"post","link":"https:\/\/www.actualidadadiario.com\/index.php\/2020\/03\/18\/oficialismo-y-oposicion-acordaron-acciones-en-el-congreso\/","title":{"rendered":"Oficialismo y oposici\u00f3n acordaron acciones en el Congreso"},"content":{"rendered":"<p style=\"text-align: center;\"><em><strong>El ministro de Salud, Gin\u00e9s Gonz\u00e1lez Garc\u00eda, concurri\u00f3 a un encuentro convocado por el presidente de la c\u00e1mara de Diputados, Sergio Massa. Fueron otorgadas casi 1500 licencias extraordinarias y hay 75 legisladores con m\u00e1s de 65 a\u00f1os<\/strong><\/em><\/p>\n<p>&nbsp;<\/p>\n<p>&nbsp;<\/p>\n<p>&nbsp;<\/p>\n<p>Como antesala de la reuni\u00f3n que el presidente Alberto Fern\u00e1ndez tendr\u00e1 hoy con los referentes parlamentarios, el ministro de Salud, Gin\u00e9s Gonz\u00e1lez Garc\u00eda, y el titular de la C\u00e1mara de Diputados, Sergio Massa, encabezaron un encuentro con los jefes de los diferentes bloques opositores para acordar medidas de prevenci\u00f3n y contenci\u00f3n del coronavirus en el Parlamento y trabajar de manera conjunta con el Poder Ejecutivo nacional.<\/p>\n<p>La imagen de las \u00faltimas reuniones en la Casa Rosada y la Quinta de Olivos se replic\u00f3 este mediod\u00eda en el Sal\u00f3n de Honor de la presidencia de la C\u00e1mara Baja. Tanto los diputados como el ministro estaban sentados a un metro de distancia entre s\u00ed, haciendo caso de las recomendaciones emanadas por las autoridades sanitarias. Gin\u00e9s y Massa se saludaron con un choque de codos y el resto evit\u00f3 los besos, abrazos y palmeadas de otros tiempos.<\/p>\n<p>Por el lado del oficialismo, estaban el presidente de la bancada del Frente de Todos, M\u00e1ximo Kirchner, y la legisladora Cecilia Moreau; y por la oposici\u00f3n asistieron Cristian Ritondo, \u00c1lvaro Gonz\u00e1lez y Silvia Lospennato, de PRO; Mario Negri y Brenda Austin, de la UCR; Maximiliano Ferraro y Juan Manuel L\u00f3pez, de la Coalici\u00f3n C\u00edvica-ARI; Eduardo Bucca, del bloque Justicialista; Jos\u00e9 Luis Ram\u00f3n, de Unidad y Equidad Federal; Nicol\u00e1s Del Ca\u00f1o, del PTS &#8211; Frente de Izquierda; y Romina Del Pl\u00e1, del Frente de Izquierda y de los Trabajadores.<\/p>\n<p>En la charla, que dur\u00f3 cerca de dos horas, Massa hizo un repaso de algunas de las medidas que ya se adoptaron en el Congreso, entre ellas el n\u00famero de licencias otorgadas y el modo de funcionamiento que hay hasta el momento en cuanto a las comisiones. Por su parte, el titular de la cartera de Salud respondi\u00f3 inquietudes de los legisladores, luego de hacer un breve resumen de la situaci\u00f3n actual a nivel nacional en relaci\u00f3n al avance del coronavirus.<\/p>\n<p>&#8220;El ministro realiz\u00f3 un informe exhaustivo&#8221;, dijo Negri a la salida de la reuni\u00f3n. Y subray\u00f3: &#8220;Hay que tener un comando unificado institucionalmente, que lo lidera el Gobierno obviamente, pero el Congreso no puede estar ausente. La cohesi\u00f3n me parece que es lo m\u00e1s importante. Hay que evitar la dispersi\u00f3n en la informaci\u00f3n o en la iniciativa porque eso contribuye poco y confunde mucho&#8221;.<\/p>\n<p>Los referentes parlamentarios se reunir\u00e1n hoy a las 17 con el mandatario para coordinar medidas con el Ejecutivo nacional y mantener abierto un canal de di\u00e1logo permanente en caso de que sea necesario llevar adelante una sesi\u00f3n de urgencia, sobre todo teniendo en cuenta que el Parlamento est\u00e1 funcionando de manera limitada, con un gran n\u00famero de legisladores en cuarentena preventiva.<\/p>\n<p>&#8220;Ahora tenemos la agenda de la urgencia, del coronavirus, ese es el orden de prioridades, el Gobierno tambi\u00e9n tiene ley de Emergencia, tiene DNU y si es necesaria alguna ley se conversar\u00e1 con ellos, se llevar\u00e1 adelante&#8221;, detall\u00f3 Negri. Del Ca\u00f1o sostuvo que es preciso &#8220;seguir trabajando&#8221; para &#8220;no delegar todo en el Poder Ejecutivo&#8221;. Los dos proyectos que el gobierno ten\u00eda en carpeta, el de despenalizaci\u00f3n del aborto y el de la reforma judicial, quedaron en suspenso a ra\u00edz de la pandemia.<\/p>\n<p>Hasta ahora, en Diputados, se otorgaron un total de 1.486 licencias extraordinarias. De esa cantidad, 100 corresponden a trabajadores que realizaron viajes al exterior y deben hacer la cuarentena, 498 a personas mayores de 60 a\u00f1os, 39 a embarazadas y pu\u00e9rperas, 566 a personas con patolog\u00edas cr\u00f3nicas y 205 a diab\u00e9ticos.<\/p>\n<p>Los legisladores de 60 a\u00f1os o m\u00e1s son 75. En el Frente de Todos hay 36; en el radicalismo, 12; en PRO, otros 12; en la Coalici\u00f3n C\u00edvica-ARI, 7; en Consenso Federal, 2; en C\u00f3rdoba Federal, 2; en el Frente de la Concordia Misionero, 1; en Somos R\u00edo Negro, 1; en el Movimiento Popular Neuquino, 1; y en Propuesta Salte\u00f1a, 1.<\/p>\n","protected":false},"excerpt":{"rendered":"<p>El ministro de Salud, Gin\u00e9s Gonz\u00e1lez Garc\u00eda, concurri\u00f3 a un encuentro convocado por el presidente de la c\u00e1mara de Diputados, Sergio Massa. Fueron otorgadas casi 1500 licencias extraordinarias y hay 75 legisladores con m\u00e1s de 65 a\u00f1os &nbsp; &nbsp; &nbsp; Como antesala de la reuni\u00f3n que el presidente Alberto Fern\u00e1ndez tendr\u00e1 hoy con los referentes parlamentarios, el ministro de Salud, Gin\u00e9s Gonz\u00e1lez Garc\u00eda, y el titular de la C\u00e1mara de Diputados, Sergio Massa, encabezaron un encuentro con los jefes de los diferentes bloques opositores para acordar medidas de prevenci\u00f3n y&#8230;<\/p>\n","protected":false},"author":3,"featured_media":59186,"comment_status":"closed","ping_status":"closed","sticky":false,"template":"","format":"standard","meta":[],"categories":[18],"tags":[],"_links":{"self":[{"href":"https:\/\/www.actualidadadiario.com\/index.php\/wp-json\/wp\/v2\/posts\/59185"}],"collection":[{"href":"https:\/\/www.actualidadadiario.com\/index.php\/wp-json\/wp\/v2\/posts"}],"about":[{"href":"https:\/\/www.actualidadadiario.com\/index.php\/wp-json\/wp\/v2\/types\/post"}],"author":[{"embeddable":true,"href":"https:\/\/www.actualidadadiario.com\/index.php\/wp-json\/wp\/v2\/users\/3"}],"replies":[{"embeddable":true,"href":"https:\/\/www.actualidadadiario.com\/index.php\/wp-json\/wp\/v2\/comments?post=59185"}],"version-history":[{"count":1,"href":"https:\/\/www.actualidadadiario.com\/index.php\/wp-json\/wp\/v2\/posts\/59185\/revisions"}],"predecessor-version":[{"id":59187,"href":"https:\/\/www.actualidadadiario.com\/index.php\/wp-json\/wp\/v2\/posts\/59185\/revisions\/59187"}],"wp:featuredmedia":[{"embeddable":true,"href":"https:\/\/www.actualidadadiario.com\/index.php\/wp-json\/wp\/v2\/media\/59186"}],"wp:attachment":[{"href":"https:\/\/www.actualidadadiario.com\/index.php\/wp-json\/wp\/v2\/media?parent=59185"}],"wp:term":[{"taxonomy":"category","embeddable":true,"href":"https:\/\/www.actualidadadiario.com\/index.php\/wp-json\/wp\/v2\/categories?post=59185"},{"taxonomy":"post_tag","embeddable":true,"href":"https:\/\/www.actualidadadiario.com\/index.php\/wp-json\/wp\/v2\/tags?post=59185"}],"curies":[{"name":"wp","href":"https:\/\/api.w.org\/{rel}","templated":true}]}}