{"id":59182,"date":"2020-03-18T11:10:23","date_gmt":"2020-03-18T14:10:23","guid":{"rendered":"https:\/\/www.actualidadadiario.com\/?p=59182"},"modified":"2020-03-18T11:10:23","modified_gmt":"2020-03-18T14:10:23","slug":"importantes-anuncios-economicos-del-gobierno","status":"publish","type":"post","link":"https:\/\/www.actualidadadiario.com\/index.php\/2020\/03\/18\/importantes-anuncios-economicos-del-gobierno\/","title":{"rendered":"Importantes anuncios econ\u00f3micos del Gobierno"},"content":{"rendered":"<p style=\"text-align: center;\"><em><strong>El Gobierno sigue con su bater\u00eda de anuncios en el medio de la pandemia de coronavirus. Ahora fue el turno del ministro de Econom\u00eda Mart\u00edn Guzm\u00e1n, y el de Desarrollo Productivo, Mat\u00edas Kulfas, que detallaron el paquete de medidas econ\u00f3micas para &#8220;proteger la producci\u00f3n, el trabajo y el abastecimiento&#8221;<\/strong><\/em><\/p>\n<p>&nbsp;<\/p>\n<p>&nbsp;<\/p>\n<p>Tras la conferencia de prensa del ministro de Desarrollo Social, Daniel Arroyo, y el titular de la Anses, Alejandro Vanoli que tomaron medidas que benefician principalmente a los jubilados y pensionados que cobran la m\u00ednima y receptores de planes sociales, el ala econ\u00f3mica del Gobierno anunci\u00f3 iniciativas en torno al l\u00edmite de precios, m\u00e1s cr\u00e9ditos como el regreso del Procrear, m\u00e1s presupuesto para obra p\u00fablica, seguro de desempleo, eximir de contribuciones patronales a los sectores m\u00e1s afectados y tambi\u00e9n ayuda de parte del Estado para pagar los salarios.<\/p>\n<ul>\n<li>Se eximir\u00e1 el pago de contribuciones patronales a los sectores afectados de forma cr\u00edtica por la emergencia. Abarca a empresas que se dedican a actividades de esparcimiento como los cines, teatros, restaurantes, turismo, transporte de pasajeros y hoteles.<\/li>\n<li>Se ampliar\u00e1 el Programa de Recuperaci\u00f3n Productiva (REPRO) para garantizar el empleo de aquellos que trabajan en empresas afectadas por la emergencia sanitaria. De esta manera, el Estado ayudar\u00e1 pagando una parte del salario de los trabajadores para los sectores m\u00e1s afectados.<\/li>\n<li>Se reforzar\u00e1 el seguro de desempleo.<\/li>\n<li>Se aumentar\u00e1 40% la partida presupuestaria para gastos de capital destinando $100.000 millones a obras de infraestructura, educaci\u00f3n y turismo.<\/li>\n<li>El Ministerio de Vivienda relanzar\u00e1 el Plan Procrear para impulsar el sector de la construcci\u00f3n y hacer posible la compra o refacci\u00f3n de hogares.<\/li>\n<li>Se establecer\u00e1n precios m\u00e1ximos por 30 d\u00edas (prorrogables) para un conjunto de productos alimenticios, de higiene personal, medicamentos e implementos m\u00e9dicos. Esos precios m\u00e1ximos se establecieron el 6 de marzo.<\/li>\n<li>Los consumidores podr\u00e1n conocer cu\u00e1nto pagar por cada producto a trav\u00e9s de un listado que estar\u00e1 disponible en los pr\u00f3ximos d\u00edas en la p\u00e1gina web de Precios Claros (www.preciosclaros.gob.ar). Podr\u00e1n denunciar incumplimientos en Defensa del Consumidor: 0800-666-1518, por correo electr\u00f3nico a consultas@consumidor.gob.ar o por Twitter @DNDConsumidor<\/li>\n<li>Se incrementar\u00e1n las tareas de inspecci\u00f3n con la incorporaci\u00f3n de verificadores de diferentes dependencias p\u00fablicas y a trav\u00e9s de convenios con los municipios.<\/li>\n<li>Se solicitar\u00e1 a las industrias productoras de alimentos, art\u00edculos de higiene personal, medicamentos, insumos, equipamiento e implementos m\u00e9dicos que aumenten su producci\u00f3n para afrontar el crecimiento de la demanda.<\/li>\n<li>Se lanzar\u00e1 una serie de l\u00edneas de cr\u00e9ditos blandos por unos $350.000 millones para garantizar la producci\u00f3n y el abastecimiento de alimentos e insumos b\u00e1sicos, impulsar la actividad y financiar el funcionamiento de la econom\u00eda en esta coyuntura: una l\u00ednea por $320.000 millones que permitir\u00e1 proveer capital de trabajo a las empresas a tasas preferenciales por un plazo de 180 d\u00edas con tasa de inter\u00e9s ser\u00e1 26% anual; $25.000 millones en cr\u00e9ditos del Banco de la Naci\u00f3n Argentina a tasa diferencial para productores de alimentos, higiene personal y limpieza y productores de insumos m\u00e9dicos; $8.000 millones en financiamiento para la producci\u00f3n de equipamiento tecnol\u00f3gico para garantizar la modalidad de teletrabajo y $2.800 millones para el financiamiento de infraestructura en los parques industriales, con recursos del Ministerio de Desarrollo Productivo.<\/li>\n<li>Se renovar\u00e1 el programa Ahora 12 por un plazo de seis meses. Expansi\u00f3n hacia compra on-line de productos nacionales, con \u00e9nfasis en PYMES.<\/li>\n<li>Se requerir\u00e1 autorizaci\u00f3n previa para la exportaci\u00f3n de insumos y equipamiento m\u00e9dico que el pa\u00eds necesita para afrontar la pandemia.<\/li>\n<li>Programa de desarrollo y crecimiento de equipamiento m\u00e9dico, kits, insumos, juntos al CONICET, MinCYT, MDP, MECON y Ministerio de Salud para estimular la innovaci\u00f3n y el crecimiento de la producci\u00f3n.<\/li>\n<li>Se acelerar\u00e1 el pago a reintegros a la exportaci\u00f3n para las firmas industriales.<\/li>\n<\/ul>\n<p>Los anuncios fueron definidos tras una reuni\u00f3n de Guzm\u00e1n y Kulfas junto a la secretaria de Legal y T\u00e9cnica, Cecilia Todesca, en la oficina del jefe de Gabinete, Santiago Cafiero, que instal\u00f3 pantallas para el seguimiento de los casos de coronavirus en tiempo real.<\/p>\n","protected":false},"excerpt":{"rendered":"<p>El Gobierno sigue con su bater\u00eda de anuncios en el medio de la pandemia de coronavirus. Ahora fue el turno del ministro de Econom\u00eda Mart\u00edn Guzm\u00e1n, y el de Desarrollo Productivo, Mat\u00edas Kulfas, que detallaron el paquete de medidas econ\u00f3micas para &#8220;proteger la producci\u00f3n, el trabajo y el abastecimiento&#8221; &nbsp; &nbsp; Tras la conferencia de prensa del ministro de Desarrollo Social, Daniel Arroyo, y el titular de la Anses, Alejandro Vanoli que tomaron medidas que benefician principalmente a los jubilados y pensionados que cobran la m\u00ednima y receptores de planes&#8230;<\/p>\n","protected":false},"author":3,"featured_media":59183,"comment_status":"closed","ping_status":"closed","sticky":false,"template":"","format":"standard","meta":[],"categories":[9],"tags":[],"_links":{"self":[{"href":"https:\/\/www.actualidadadiario.com\/index.php\/wp-json\/wp\/v2\/posts\/59182"}],"collection":[{"href":"https:\/\/www.actualidadadiario.com\/index.php\/wp-json\/wp\/v2\/posts"}],"about":[{"href":"https:\/\/www.actualidadadiario.com\/index.php\/wp-json\/wp\/v2\/types\/post"}],"author":[{"embeddable":true,"href":"https:\/\/www.actualidadadiario.com\/index.php\/wp-json\/wp\/v2\/users\/3"}],"replies":[{"embeddable":true,"href":"https:\/\/www.actualidadadiario.com\/index.php\/wp-json\/wp\/v2\/comments?post=59182"}],"version-history":[{"count":1,"href":"https:\/\/www.actualidadadiario.com\/index.php\/wp-json\/wp\/v2\/posts\/59182\/revisions"}],"predecessor-version":[{"id":59184,"href":"https:\/\/www.actualidadadiario.com\/index.php\/wp-json\/wp\/v2\/posts\/59182\/revisions\/59184"}],"wp:featuredmedia":[{"embeddable":true,"href":"https:\/\/www.actualidadadiario.com\/index.php\/wp-json\/wp\/v2\/media\/59183"}],"wp:attachment":[{"href":"https:\/\/www.actualidadadiario.com\/index.php\/wp-json\/wp\/v2\/media?parent=59182"}],"wp:term":[{"taxonomy":"category","embeddable":true,"href":"https:\/\/www.actualidadadiario.com\/index.php\/wp-json\/wp\/v2\/categories?post=59182"},{"taxonomy":"post_tag","embeddable":true,"href":"https:\/\/www.actualidadadiario.com\/index.php\/wp-json\/wp\/v2\/tags?post=59182"}],"curies":[{"name":"wp","href":"https:\/\/api.w.org\/{rel}","templated":true}]}}