{"id":59179,"date":"2020-03-18T11:09:37","date_gmt":"2020-03-18T14:09:37","guid":{"rendered":"https:\/\/www.actualidadadiario.com\/?p=59179"},"modified":"2020-03-18T11:09:37","modified_gmt":"2020-03-18T14:09:37","slug":"alberto-fernandez-anuncio-la-construccion-de-ocho-hospitales-de-emergencia","status":"publish","type":"post","link":"https:\/\/www.actualidadadiario.com\/index.php\/2020\/03\/18\/alberto-fernandez-anuncio-la-construccion-de-ocho-hospitales-de-emergencia\/","title":{"rendered":"Alberto Fern\u00e1ndez anunci\u00f3 la construcci\u00f3n de ocho hospitales de emergencia"},"content":{"rendered":"<p style=\"text-align: center;\"><em><strong>A trav\u00e9s de su cuenta de Twitter, el Presidente remarc\u00f3 la necesidad de \u201cculminar las obras r\u00e1pidamente\u201d para \u201cestar mejor preparados\u201d ante el avance de la pandemia<\/strong><\/em><\/p>\n<p>&nbsp;<\/p>\n<p>&nbsp;<\/p>\n<p>El\u00a0 presidente Alberto Fern\u00e1ndez anunci\u00f3 este martes por la noche la construcci\u00f3n de \u201cocho hospitales modulares de emergencia\u201d para poder hacer frente al avance del coronavirus, que en Argentina ya suma 79 casos confirmados y dos muertos.<\/p>\n<p>A trav\u00e9s de su cuenta de Twitter, el Presidente comparti\u00f3 un video donde se lo puede ver junto al ministro de Obras P\u00fablicas de la Naci\u00f3n, Gabriel Katopodis, sobrevolando en helic\u00f3ptero los hospitales de Laferrere y Rafael Castillo, ubicados en el partido bonaerense de La Matanza.<\/p>\n<p>\u201cLas obras quedaron paralizadas hace 4 a\u00f1os, cuando quienes gobernaban pensaban que no hac\u00edan falta m\u00e1s hospitales\u201d, cuestion\u00f3 el mandatario en las redes. Se trata de los centros de salud Ren\u00e9 Favaloro y N\u00e9stor Kirchner que fueron inaugurados dos veces por Cristina Kirchner cuando era presidenta pero no estaban terminados y actualmente siguen sin funcionar.<\/p>\n<p>Al respecto, Fern\u00e1ndez asegur\u00f3 que su intenci\u00f3n es terminarlos en el corto plazo para hacer frente al avance del covid-19. \u201cNuestra prioridad es fortalecer el sistema p\u00fablico de salud para cuidar a todas y todos los argentinos ante la pandemia de coronavirus\u201d.<\/p>\n<p>\u201cAdem\u00e1s, vamos a construir 8 hospitales modulares de emergencia, porque tenemos que aprovechar cada minuto para estar mejor preparados\u201d, afirm\u00f3.<\/p>\n<p>Si bien no indic\u00f3 su ubicaci\u00f3n ni el tiempo que llevar\u00eda tenerlos listos, el Presidente remarc\u00f3 que trabajar\u00e1n \u201csin descanso para culminar las obras r\u00e1pidamente\u201d. \u201cEntre todos cuidaremos la salud de los afectados por la pandemia\u201d, agreg\u00f3.<\/p>\n<p>A principios de febrero, China construy\u00f3 en diez d\u00edas un hospital con 1.000 camas de internaci\u00f3n en Wuhan, la ciudad donde se gener\u00f3 el contagio de la pandemia que hoy tiene en vilo al mundo entero.<\/p>\n","protected":false},"excerpt":{"rendered":"<p>A trav\u00e9s de su cuenta de Twitter, el Presidente remarc\u00f3 la necesidad de \u201cculminar las obras r\u00e1pidamente\u201d para \u201cestar mejor preparados\u201d ante el avance de la pandemia &nbsp; &nbsp; El\u00a0 presidente Alberto Fern\u00e1ndez anunci\u00f3 este martes por la noche la construcci\u00f3n de \u201cocho hospitales modulares de emergencia\u201d para poder hacer frente al avance del coronavirus, que en Argentina ya suma 79 casos confirmados y dos muertos. A trav\u00e9s de su cuenta de Twitter, el Presidente comparti\u00f3 un video donde se lo puede ver junto al ministro de Obras P\u00fablicas de&#8230;<\/p>\n","protected":false},"author":3,"featured_media":59180,"comment_status":"closed","ping_status":"closed","sticky":false,"template":"","format":"standard","meta":[],"categories":[9],"tags":[],"_links":{"self":[{"href":"https:\/\/www.actualidadadiario.com\/index.php\/wp-json\/wp\/v2\/posts\/59179"}],"collection":[{"href":"https:\/\/www.actualidadadiario.com\/index.php\/wp-json\/wp\/v2\/posts"}],"about":[{"href":"https:\/\/www.actualidadadiario.com\/index.php\/wp-json\/wp\/v2\/types\/post"}],"author":[{"embeddable":true,"href":"https:\/\/www.actualidadadiario.com\/index.php\/wp-json\/wp\/v2\/users\/3"}],"replies":[{"embeddable":true,"href":"https:\/\/www.actualidadadiario.com\/index.php\/wp-json\/wp\/v2\/comments?post=59179"}],"version-history":[{"count":1,"href":"https:\/\/www.actualidadadiario.com\/index.php\/wp-json\/wp\/v2\/posts\/59179\/revisions"}],"predecessor-version":[{"id":59181,"href":"https:\/\/www.actualidadadiario.com\/index.php\/wp-json\/wp\/v2\/posts\/59179\/revisions\/59181"}],"wp:featuredmedia":[{"embeddable":true,"href":"https:\/\/www.actualidadadiario.com\/index.php\/wp-json\/wp\/v2\/media\/59180"}],"wp:attachment":[{"href":"https:\/\/www.actualidadadiario.com\/index.php\/wp-json\/wp\/v2\/media?parent=59179"}],"wp:term":[{"taxonomy":"category","embeddable":true,"href":"https:\/\/www.actualidadadiario.com\/index.php\/wp-json\/wp\/v2\/categories?post=59179"},{"taxonomy":"post_tag","embeddable":true,"href":"https:\/\/www.actualidadadiario.com\/index.php\/wp-json\/wp\/v2\/tags?post=59179"}],"curies":[{"name":"wp","href":"https:\/\/api.w.org\/{rel}","templated":true}]}}