{"id":59176,"date":"2020-03-18T11:08:49","date_gmt":"2020-03-18T14:08:49","guid":{"rendered":"https:\/\/www.actualidadadiario.com\/?p=59176"},"modified":"2020-03-18T11:08:49","modified_gmt":"2020-03-18T14:08:49","slug":"comenzara-la-capacitacion-del-malbran-para-descentralizar-los-tests-de-coronavirus","status":"publish","type":"post","link":"https:\/\/www.actualidadadiario.com\/index.php\/2020\/03\/18\/comenzara-la-capacitacion-del-malbran-para-descentralizar-los-tests-de-coronavirus\/","title":{"rendered":"Comenzar\u00e1 la capacitaci\u00f3n del Malbr\u00e1n para descentralizar los tests de coronavirus"},"content":{"rendered":"<p style=\"text-align: center;\"><em><strong>La secretaria de Acceso a la Salud, Carla Vizzoti, asegur\u00f3 en conferencia de prensa que este viernes m\u00e1s de seis laboratorios ubicados en distintas provincias comenzar\u00e1n el entrenamiento para realizar los tests diagn\u00f3stico de coronavirus<\/strong><\/em><\/p>\n<p>&nbsp;<\/p>\n<p>&nbsp;<\/p>\n<p>El fin de la iniciativa es descentralizar la labor que lleva adelante desde el inicio de la pandemia el Instituto ANLIS Malbr\u00e1n.<\/p>\n<p>\u201cSe har\u00e1 para acceder a la mayor cantidad de tests diagnostico en m\u00e1s de seis laboratorios de seis provincias\u201c, dijo Vizzoti, quien estuvo acompa\u00f1ada por Alejandro Costa, Subsecretario de Estrategias Sanitarias y Angela Gentile, jefa de Epidemiolog\u00eda del hospital Guti\u00e9rrez.<\/p>\n<p>A partir de la descentralizaci\u00f3n del trabajo que realizan los expertos del Malbr\u00e1n, se espera que aumenten los positivos por COVID-19.<\/p>\n<p>Eso se debe a que, de acuerdo a especialistas en infectolog\u00eda, hay un subregistro de casos positivos de coronavirus. Incluso, el Gobierno tambi\u00e9n espera que se d\u00e9 ese aumento, aunque evitando el crecimiento exponencial que se dio en pa\u00edses como Italia y Espa\u00f1a.<\/p>\n","protected":false},"excerpt":{"rendered":"<p>La secretaria de Acceso a la Salud, Carla Vizzoti, asegur\u00f3 en conferencia de prensa que este viernes m\u00e1s de seis laboratorios ubicados en distintas provincias comenzar\u00e1n el entrenamiento para realizar los tests diagn\u00f3stico de coronavirus &nbsp; &nbsp; El fin de la iniciativa es descentralizar la labor que lleva adelante desde el inicio de la pandemia el Instituto ANLIS Malbr\u00e1n. \u201cSe har\u00e1 para acceder a la mayor cantidad de tests diagnostico en m\u00e1s de seis laboratorios de seis provincias\u201c, dijo Vizzoti, quien estuvo acompa\u00f1ada por Alejandro Costa, Subsecretario de Estrategias Sanitarias&#8230;<\/p>\n","protected":false},"author":3,"featured_media":59177,"comment_status":"closed","ping_status":"closed","sticky":false,"template":"","format":"standard","meta":[],"categories":[2],"tags":[],"_links":{"self":[{"href":"https:\/\/www.actualidadadiario.com\/index.php\/wp-json\/wp\/v2\/posts\/59176"}],"collection":[{"href":"https:\/\/www.actualidadadiario.com\/index.php\/wp-json\/wp\/v2\/posts"}],"about":[{"href":"https:\/\/www.actualidadadiario.com\/index.php\/wp-json\/wp\/v2\/types\/post"}],"author":[{"embeddable":true,"href":"https:\/\/www.actualidadadiario.com\/index.php\/wp-json\/wp\/v2\/users\/3"}],"replies":[{"embeddable":true,"href":"https:\/\/www.actualidadadiario.com\/index.php\/wp-json\/wp\/v2\/comments?post=59176"}],"version-history":[{"count":1,"href":"https:\/\/www.actualidadadiario.com\/index.php\/wp-json\/wp\/v2\/posts\/59176\/revisions"}],"predecessor-version":[{"id":59178,"href":"https:\/\/www.actualidadadiario.com\/index.php\/wp-json\/wp\/v2\/posts\/59176\/revisions\/59178"}],"wp:featuredmedia":[{"embeddable":true,"href":"https:\/\/www.actualidadadiario.com\/index.php\/wp-json\/wp\/v2\/media\/59177"}],"wp:attachment":[{"href":"https:\/\/www.actualidadadiario.com\/index.php\/wp-json\/wp\/v2\/media?parent=59176"}],"wp:term":[{"taxonomy":"category","embeddable":true,"href":"https:\/\/www.actualidadadiario.com\/index.php\/wp-json\/wp\/v2\/categories?post=59176"},{"taxonomy":"post_tag","embeddable":true,"href":"https:\/\/www.actualidadadiario.com\/index.php\/wp-json\/wp\/v2\/tags?post=59176"}],"curies":[{"name":"wp","href":"https:\/\/api.w.org\/{rel}","templated":true}]}}