{"id":59170,"date":"2020-03-18T11:07:20","date_gmt":"2020-03-18T14:07:20","guid":{"rendered":"https:\/\/www.actualidadadiario.com\/?p=59170"},"modified":"2020-03-18T11:07:20","modified_gmt":"2020-03-18T14:07:20","slug":"suspenden-por-el-fin-de-semana-largo-micros-y-trenes-de-larga-distancia-y-vuelos-de-cabotaje","status":"publish","type":"post","link":"https:\/\/www.actualidadadiario.com\/index.php\/2020\/03\/18\/suspenden-por-el-fin-de-semana-largo-micros-y-trenes-de-larga-distancia-y-vuelos-de-cabotaje\/","title":{"rendered":"Suspenden por el fin de semana largo micros y trenes de larga distancia y vuelos de cabotaje"},"content":{"rendered":"<p style=\"text-align: center;\"><em><strong>As\u00ed lo anunci\u00f3 Mario Meoni, ministro de Transporte. Es para desalentar el turismo durante fin de semana que se extiende el 23 y 24 de marzo. En el \u00e1rea metropolitana, desde el jueves, solo podr\u00e1n viajar pasajeros sentados<\/strong><\/em><\/p>\n<p>&nbsp;<\/p>\n<p>&nbsp;<\/p>\n<p>Para evitar la propagaci\u00f3n del coronavirus, el gobierno nacional decidi\u00f3 restringir el transporte de cara al fin de semana largo. &#8220;Hasta el d\u00eda jueves 19 a las 24 van a circular normalmente trenes y colectivos de larga distancia y aviones de cabotaje en todo el pa\u00eds. A partir de ese momento se suspende hasta el mi\u00e9rcoles 25 a las 0 horas&#8221; anunci\u00f3 este mediod\u00eda el ministro de Transporte Mario Meoni.<\/p>\n<p>El titular de la cartera agreg\u00f3 que lo hacen para &#8220;desalentar el viaje del fin de semana largo&#8221;, ya que &#8220;muchos argentinos no han tomado conciencia de la situaci\u00f3n cr\u00edtica que vivimos. Estamos tomando medidas muy fuertes en materia de salud para que podamos efectivamente controlar la expansi\u00f3n de la pandemia en el pa\u00eds. Hay mucha gente que no lo ha tomado as\u00ed, vamos a ser totalmente estrictos&#8221;.<\/p>\n<p>Por otro lado, agreg\u00f3 que la Agencia Nacional de Seguridad Vial &#8220;va a aumentar los controles en las rutas argentinas de manera tal que desalentemos el circuito tur\u00edstico del fin de semana. Necesitamos que las personas entiendan que se tienen que quedar en su casa&#8221;.<\/p>\n<p>En cuanto al \u00e1rea metropolitana Meoni explic\u00f3 que desde el jueves a las 0 horas &#8220;todos los micros del \u00e1rea metropolitana y los trenes solo van a poder transportar pasajeros sentados. A nadie que est\u00e9 parado. Vamos a tener un control f\u00e9rreo de la CNRT para que se cumpla la medida&#8221;.<\/p>\n<p>El ministro explic\u00f3 que las medidas tomadas fueron dialogadas los gobiernos de la ciudad y de la provincia de Buenos Aires. Estamos ante una situaci\u00f3n bastante dif\u00edcil, tenemos que cooperar entre los distintos estados&#8221;, finaliz\u00f3.<\/p>\n","protected":false},"excerpt":{"rendered":"<p>As\u00ed lo anunci\u00f3 Mario Meoni, ministro de Transporte. Es para desalentar el turismo durante fin de semana que se extiende el 23 y 24 de marzo. En el \u00e1rea metropolitana, desde el jueves, solo podr\u00e1n viajar pasajeros sentados &nbsp; &nbsp; Para evitar la propagaci\u00f3n del coronavirus, el gobierno nacional decidi\u00f3 restringir el transporte de cara al fin de semana largo. &#8220;Hasta el d\u00eda jueves 19 a las 24 van a circular normalmente trenes y colectivos de larga distancia y aviones de cabotaje en todo el pa\u00eds. A partir de ese&#8230;<\/p>\n","protected":false},"author":3,"featured_media":59171,"comment_status":"closed","ping_status":"closed","sticky":false,"template":"","format":"standard","meta":[],"categories":[2],"tags":[],"_links":{"self":[{"href":"https:\/\/www.actualidadadiario.com\/index.php\/wp-json\/wp\/v2\/posts\/59170"}],"collection":[{"href":"https:\/\/www.actualidadadiario.com\/index.php\/wp-json\/wp\/v2\/posts"}],"about":[{"href":"https:\/\/www.actualidadadiario.com\/index.php\/wp-json\/wp\/v2\/types\/post"}],"author":[{"embeddable":true,"href":"https:\/\/www.actualidadadiario.com\/index.php\/wp-json\/wp\/v2\/users\/3"}],"replies":[{"embeddable":true,"href":"https:\/\/www.actualidadadiario.com\/index.php\/wp-json\/wp\/v2\/comments?post=59170"}],"version-history":[{"count":1,"href":"https:\/\/www.actualidadadiario.com\/index.php\/wp-json\/wp\/v2\/posts\/59170\/revisions"}],"predecessor-version":[{"id":59172,"href":"https:\/\/www.actualidadadiario.com\/index.php\/wp-json\/wp\/v2\/posts\/59170\/revisions\/59172"}],"wp:featuredmedia":[{"embeddable":true,"href":"https:\/\/www.actualidadadiario.com\/index.php\/wp-json\/wp\/v2\/media\/59171"}],"wp:attachment":[{"href":"https:\/\/www.actualidadadiario.com\/index.php\/wp-json\/wp\/v2\/media?parent=59170"}],"wp:term":[{"taxonomy":"category","embeddable":true,"href":"https:\/\/www.actualidadadiario.com\/index.php\/wp-json\/wp\/v2\/categories?post=59170"},{"taxonomy":"post_tag","embeddable":true,"href":"https:\/\/www.actualidadadiario.com\/index.php\/wp-json\/wp\/v2\/tags?post=59170"}],"curies":[{"name":"wp","href":"https:\/\/api.w.org\/{rel}","templated":true}]}}