{"id":59168,"date":"2020-03-18T11:06:40","date_gmt":"2020-03-18T14:06:40","guid":{"rendered":"https:\/\/www.actualidadadiario.com\/?p=59168"},"modified":"2020-03-18T11:06:40","modified_gmt":"2020-03-18T14:06:40","slug":"precios-suman-controles","status":"publish","type":"post","link":"https:\/\/www.actualidadadiario.com\/index.php\/2020\/03\/18\/precios-suman-controles\/","title":{"rendered":"Precios: suman controles"},"content":{"rendered":"<p style=\"text-align: center;\"><em><strong>Con la actividad econ\u00f3mica en jaque por la crisis global, sostener el consumo es una de las claves. En ese sentido, el ministro de Desarrollo Productivo, Mat\u00edas Kulfas, anunci\u00f3 controles de precios para combatir la inflaci\u00f3n y el deterioro del salario real<\/strong><\/em><\/p>\n<p>&nbsp;<\/p>\n<p>&nbsp;<\/p>\n<p>Afirm\u00f3 que se desarrollar\u00e1 un sistema de precios m\u00e1ximos en el mercado interno, por 30 d\u00edas. Se har\u00e1 a partir de los datos recopilados al 6 de marzo por la Secretar\u00eda de Comercio a trav\u00e9s del programa Precios Claros (es decir que si hubo aumentos especulativos en las \u00faltimas semanas deber\u00e1n volver atr\u00e1s). Los productos alcanzados pertenecer\u00e1n a 50 categor\u00edas de alimentos, higiene personal y medicamentos.<\/p>\n","protected":false},"excerpt":{"rendered":"<p>Con la actividad econ\u00f3mica en jaque por la crisis global, sostener el consumo es una de las claves. En ese sentido, el ministro de Desarrollo Productivo, Mat\u00edas Kulfas, anunci\u00f3 controles de precios para combatir la inflaci\u00f3n y el deterioro del salario real &nbsp; &nbsp; Afirm\u00f3 que se desarrollar\u00e1 un sistema de precios m\u00e1ximos en el mercado interno, por 30 d\u00edas. Se har\u00e1 a partir de los datos recopilados al 6 de marzo por la Secretar\u00eda de Comercio a trav\u00e9s del programa Precios Claros (es decir que si hubo aumentos especulativos&#8230;<\/p>\n","protected":false},"author":3,"featured_media":25195,"comment_status":"closed","ping_status":"closed","sticky":false,"template":"","format":"standard","meta":[],"categories":[2],"tags":[],"_links":{"self":[{"href":"https:\/\/www.actualidadadiario.com\/index.php\/wp-json\/wp\/v2\/posts\/59168"}],"collection":[{"href":"https:\/\/www.actualidadadiario.com\/index.php\/wp-json\/wp\/v2\/posts"}],"about":[{"href":"https:\/\/www.actualidadadiario.com\/index.php\/wp-json\/wp\/v2\/types\/post"}],"author":[{"embeddable":true,"href":"https:\/\/www.actualidadadiario.com\/index.php\/wp-json\/wp\/v2\/users\/3"}],"replies":[{"embeddable":true,"href":"https:\/\/www.actualidadadiario.com\/index.php\/wp-json\/wp\/v2\/comments?post=59168"}],"version-history":[{"count":1,"href":"https:\/\/www.actualidadadiario.com\/index.php\/wp-json\/wp\/v2\/posts\/59168\/revisions"}],"predecessor-version":[{"id":59169,"href":"https:\/\/www.actualidadadiario.com\/index.php\/wp-json\/wp\/v2\/posts\/59168\/revisions\/59169"}],"wp:featuredmedia":[{"embeddable":true,"href":"https:\/\/www.actualidadadiario.com\/index.php\/wp-json\/wp\/v2\/media\/25195"}],"wp:attachment":[{"href":"https:\/\/www.actualidadadiario.com\/index.php\/wp-json\/wp\/v2\/media?parent=59168"}],"wp:term":[{"taxonomy":"category","embeddable":true,"href":"https:\/\/www.actualidadadiario.com\/index.php\/wp-json\/wp\/v2\/categories?post=59168"},{"taxonomy":"post_tag","embeddable":true,"href":"https:\/\/www.actualidadadiario.com\/index.php\/wp-json\/wp\/v2\/tags?post=59168"}],"curies":[{"name":"wp","href":"https:\/\/api.w.org\/{rel}","templated":true}]}}