{"id":59162,"date":"2020-03-18T11:04:28","date_gmt":"2020-03-18T14:04:28","guid":{"rendered":"https:\/\/www.actualidadadiario.com\/?p=59162"},"modified":"2020-03-18T11:04:28","modified_gmt":"2020-03-18T14:04:28","slug":"farmacias-tendran-un-horario-exclusivo-para-mayores-de-60-anos-embarazadas-y-grupos-de-riesgo","status":"publish","type":"post","link":"https:\/\/www.actualidadadiario.com\/index.php\/2020\/03\/18\/farmacias-tendran-un-horario-exclusivo-para-mayores-de-60-anos-embarazadas-y-grupos-de-riesgo\/","title":{"rendered":"Farmacias tendr\u00e1n un horario exclusivo para mayores de 60 a\u00f1os, embarazadas y grupos de riesgo"},"content":{"rendered":"<p style=\"text-align: center;\"><em><strong>La Asociaci\u00f3n de Propietarios de Farmacias de la Rep\u00fablica Argentina propuso una franja de atenci\u00f3n exclusiva para los grupos de riesgo de contagio del coronavirus. El horario ser\u00e1 de 8 a 9.30 horas<\/strong><\/em><\/p>\n<p>&nbsp;<\/p>\n<p>&nbsp;<\/p>\n<p>Farmacias agrupadas en la Asociaci\u00f3n de Propietarios de Farmacias de la Rep\u00fablica Argentina (ASOFAR) atender\u00e1n a partir de este mi\u00e9rcoles entre las 8 y 9.30 a las mujeres embarazadas, a los mayores de 60 a\u00f1os y a los grupos de riesgo, para evitar el contagio del coronavirus.<\/p>\n<p>El presidente de la entidad, Norberto Ma\u00f1as, quien se encuentra en cuarentena desde el \u00faltimo jueves, tras regresar de Europa, sostuvo que tom\u00f3 la decisi\u00f3n &#8220;antes de que sea obligatorio&#8221; porque est\u00e1 convencido de que &#8220;debemos cuidarnos para poder cuidar al otro&#8221;.<\/p>\n<p>ASOFAR nuclea a m\u00e1s de 2.000 farmacias de todo el pa\u00eds y concentra alrededor de un tercio de la facturaci\u00f3n del sector en el \u00c1rea Metropolitana de Buenos Aires (AMBA) y m\u00e1s de un diez por ciento a nivel federal.<\/p>\n<p>En cuanto a los empleados de cada uno de los comercios, se emiti\u00f3 un protocolo en sinton\u00eda con las recomendaciones hechas por la Organizaci\u00f3n Mundial de la Salud (OMS) y el gobierno nacional.<\/p>\n<p>&#8220;Hasta hace una semana, se ve\u00eda a la gente en Espa\u00f1a caminar por las calles sin grandes temores y a muy pocos con barbijos pero ya, con el correr de los d\u00edas, cada vez eran menos los peatones que circulaban por la ciudad&#8221;, relat\u00f3 sobre su reciente paso por la capital espa\u00f1ola.<\/p>\n<p>&#8220;Se ve\u00eda transitar a una enorme cantidad de autos en el centro, lo que es poco com\u00fan en las capitales europeas. Fue algo shokeante, que espero se revierta en el corto plazo&#8221;, cerr\u00f3.<\/p>\n","protected":false},"excerpt":{"rendered":"<p>La Asociaci\u00f3n de Propietarios de Farmacias de la Rep\u00fablica Argentina propuso una franja de atenci\u00f3n exclusiva para los grupos de riesgo de contagio del coronavirus. El horario ser\u00e1 de 8 a 9.30 horas &nbsp; &nbsp; Farmacias agrupadas en la Asociaci\u00f3n de Propietarios de Farmacias de la Rep\u00fablica Argentina (ASOFAR) atender\u00e1n a partir de este mi\u00e9rcoles entre las 8 y 9.30 a las mujeres embarazadas, a los mayores de 60 a\u00f1os y a los grupos de riesgo, para evitar el contagio del coronavirus. El presidente de la entidad, Norberto Ma\u00f1as, quien&#8230;<\/p>\n","protected":false},"author":3,"featured_media":11231,"comment_status":"closed","ping_status":"closed","sticky":false,"template":"","format":"standard","meta":[],"categories":[9],"tags":[],"_links":{"self":[{"href":"https:\/\/www.actualidadadiario.com\/index.php\/wp-json\/wp\/v2\/posts\/59162"}],"collection":[{"href":"https:\/\/www.actualidadadiario.com\/index.php\/wp-json\/wp\/v2\/posts"}],"about":[{"href":"https:\/\/www.actualidadadiario.com\/index.php\/wp-json\/wp\/v2\/types\/post"}],"author":[{"embeddable":true,"href":"https:\/\/www.actualidadadiario.com\/index.php\/wp-json\/wp\/v2\/users\/3"}],"replies":[{"embeddable":true,"href":"https:\/\/www.actualidadadiario.com\/index.php\/wp-json\/wp\/v2\/comments?post=59162"}],"version-history":[{"count":1,"href":"https:\/\/www.actualidadadiario.com\/index.php\/wp-json\/wp\/v2\/posts\/59162\/revisions"}],"predecessor-version":[{"id":59163,"href":"https:\/\/www.actualidadadiario.com\/index.php\/wp-json\/wp\/v2\/posts\/59162\/revisions\/59163"}],"wp:featuredmedia":[{"embeddable":true,"href":"https:\/\/www.actualidadadiario.com\/index.php\/wp-json\/wp\/v2\/media\/11231"}],"wp:attachment":[{"href":"https:\/\/www.actualidadadiario.com\/index.php\/wp-json\/wp\/v2\/media?parent=59162"}],"wp:term":[{"taxonomy":"category","embeddable":true,"href":"https:\/\/www.actualidadadiario.com\/index.php\/wp-json\/wp\/v2\/categories?post=59162"},{"taxonomy":"post_tag","embeddable":true,"href":"https:\/\/www.actualidadadiario.com\/index.php\/wp-json\/wp\/v2\/tags?post=59162"}],"curies":[{"name":"wp","href":"https:\/\/api.w.org\/{rel}","templated":true}]}}