{"id":59156,"date":"2020-03-18T11:02:52","date_gmt":"2020-03-18T14:02:52","guid":{"rendered":"https:\/\/www.actualidadadiario.com\/?p=59156"},"modified":"2020-03-18T11:02:52","modified_gmt":"2020-03-18T14:02:52","slug":"el-senado-debate-en-comision-los-pliegos-de-las-autoridades-del-consejo-de-educacion","status":"publish","type":"post","link":"https:\/\/www.actualidadadiario.com\/index.php\/2020\/03\/18\/el-senado-debate-en-comision-los-pliegos-de-las-autoridades-del-consejo-de-educacion\/","title":{"rendered":"El Senado debate en comisi\u00f3n los pliegos de las autoridades del Consejo de Educaci\u00f3n"},"content":{"rendered":"<p style=\"text-align: center;\"><em><strong>En el Recinto de la C\u00e1mara de Senadores se reuni\u00f3 \u00a0la comisi\u00f3n de Asuntos Constitucionales y Acuerdos para abordar el primer an\u00e1lisis de los pliegos enviados por el Ejecutivo para cubrir los cargos de presidente y vocales del Consejo General de Educaci\u00f3n<\/strong><\/em><\/p>\n<p>&nbsp;<\/p>\n<p>&nbsp;<\/p>\n<p>Se trata del primer encuentro de la comisi\u00f3n en esta composici\u00f3n legislativa. Se analizaron los pedidos de Acuerdo Constitucional enviados por el Poder Ejecutivo para cubrir los cargos de Director General de Escuelas de la Provincia de Entre R\u00edos y tres vocal\u00edas del Consejo General de Educaci\u00f3n (CGE).<\/p>\n<p>El pliego del licenciado Mart\u00edn M\u00fcller, propuesto para presidir el CGE ingres\u00f3 en la primera sesi\u00f3n del actual periodo legislativo, en febrero; mientras que los de quienes fueron propuestos para ser vocales del organismo, los profesores Humberto Javier Jos\u00e9, Exequiel Coronoffo y Griselda Di Lello, tomaron estado parlamentario a principios de este mes.<\/p>\n<p>Presidi\u00f3 el encuentro el senador del departamento Uruguay, Horacio Amavet (FJ Creer ER) y estuvieron presentes los senadores de los departamentos La Paz, Federaci\u00f3n, San Salvador y Concordia, Am\u00edlcar Genre Bert (FJ Creer ER), Rub\u00e9n Dal Molin (JxC), Marcelo Berthet (FJ Creer ER) y Armando Gay (FJ Creer ER), respectivamente.<\/p>\n<p>&nbsp;<\/p>\n<p><strong>Los pasos a seguir<\/strong><\/p>\n<p>El senador Amavet solicit\u00f3 que se inicie el tr\u00e1mite para poner a disposici\u00f3n de los entrerrianos los antecedentes de cada uno de los postulados. Cabe recordar que siguiendo lo establecido en el reglamento del Senado, se har\u00e1 una publicaci\u00f3n en medios de alcance provincial y se podr\u00e1 acceder a los detalles a trav\u00e9s de la p\u00e1gina web de la C\u00e1mara Alta: www.senador.gob.ar<\/p>\n<p>El legislador de Uruguay explic\u00f3 que \u201cse deber\u00e1 analizar el impacto que tienen las \u00faltimas medidas dispuestas en el Senado en relaci\u00f3n al resguardo de la salud p\u00fablica, porque el asueto podr\u00eda indicar que aumentan los plazos para el tratamiento, aunque la idea que tenemos es avanzar lo antes posible\u201d.<\/p>\n<p>Los senadores presentes hicieron un repaso de los t\u00e9rminos del art\u00edculo 19 del reglamento, el que adem\u00e1s de la publicaci\u00f3n de los antecedentes de los propuestos para alcanzar el Acuerdo Constitucional, dispone la apertura de un per\u00edodo para presentar adhesiones o impugnaciones y la realizaci\u00f3n de Audiencias P\u00fablicas.<\/p>\n<p>El Senador Amavet agradeci\u00f3 la presencia de sus pares y sostuvo que \u201ces prioridad de esta comisi\u00f3n avanzar en el tratamiento de los pliegos enviados por el Gobernador\u201d.<\/p>\n<p>La reuni\u00f3n comenz\u00f3 pasadas las 18 horas y se extendi\u00f3 por 50 minutos. Se hizo en el recinto cumpliendo lo dispuesto en la resoluci\u00f3n 141 de la C\u00e1mara de Senadores.<\/p>\n","protected":false},"excerpt":{"rendered":"<p>En el Recinto de la C\u00e1mara de Senadores se reuni\u00f3 \u00a0la comisi\u00f3n de Asuntos Constitucionales y Acuerdos para abordar el primer an\u00e1lisis de los pliegos enviados por el Ejecutivo para cubrir los cargos de presidente y vocales del Consejo General de Educaci\u00f3n &nbsp; &nbsp; Se trata del primer encuentro de la comisi\u00f3n en esta composici\u00f3n legislativa. Se analizaron los pedidos de Acuerdo Constitucional enviados por el Poder Ejecutivo para cubrir los cargos de Director General de Escuelas de la Provincia de Entre R\u00edos y tres vocal\u00edas del Consejo General de&#8230;<\/p>\n","protected":false},"author":3,"featured_media":59157,"comment_status":"closed","ping_status":"closed","sticky":false,"template":"","format":"standard","meta":[],"categories":[15],"tags":[],"_links":{"self":[{"href":"https:\/\/www.actualidadadiario.com\/index.php\/wp-json\/wp\/v2\/posts\/59156"}],"collection":[{"href":"https:\/\/www.actualidadadiario.com\/index.php\/wp-json\/wp\/v2\/posts"}],"about":[{"href":"https:\/\/www.actualidadadiario.com\/index.php\/wp-json\/wp\/v2\/types\/post"}],"author":[{"embeddable":true,"href":"https:\/\/www.actualidadadiario.com\/index.php\/wp-json\/wp\/v2\/users\/3"}],"replies":[{"embeddable":true,"href":"https:\/\/www.actualidadadiario.com\/index.php\/wp-json\/wp\/v2\/comments?post=59156"}],"version-history":[{"count":1,"href":"https:\/\/www.actualidadadiario.com\/index.php\/wp-json\/wp\/v2\/posts\/59156\/revisions"}],"predecessor-version":[{"id":59158,"href":"https:\/\/www.actualidadadiario.com\/index.php\/wp-json\/wp\/v2\/posts\/59156\/revisions\/59158"}],"wp:featuredmedia":[{"embeddable":true,"href":"https:\/\/www.actualidadadiario.com\/index.php\/wp-json\/wp\/v2\/media\/59157"}],"wp:attachment":[{"href":"https:\/\/www.actualidadadiario.com\/index.php\/wp-json\/wp\/v2\/media?parent=59156"}],"wp:term":[{"taxonomy":"category","embeddable":true,"href":"https:\/\/www.actualidadadiario.com\/index.php\/wp-json\/wp\/v2\/categories?post=59156"},{"taxonomy":"post_tag","embeddable":true,"href":"https:\/\/www.actualidadadiario.com\/index.php\/wp-json\/wp\/v2\/tags?post=59156"}],"curies":[{"name":"wp","href":"https:\/\/api.w.org\/{rel}","templated":true}]}}