{"id":59153,"date":"2020-03-18T11:01:55","date_gmt":"2020-03-18T14:01:55","guid":{"rendered":"https:\/\/www.actualidadadiario.com\/?p=59153"},"modified":"2020-03-18T11:01:55","modified_gmt":"2020-03-18T14:01:55","slug":"habilitaron-un-numero-de-telefono-para-realizar-consultas-sobre-el-coronavirus","status":"publish","type":"post","link":"https:\/\/www.actualidadadiario.com\/index.php\/2020\/03\/18\/habilitaron-un-numero-de-telefono-para-realizar-consultas-sobre-el-coronavirus\/","title":{"rendered":"Habilitaron un n\u00famero de tel\u00e9fono para realizar consultas sobre el Coronavirus"},"content":{"rendered":"<p style=\"text-align: center;\"><em><strong>El gobierno de Entre R\u00edos, anunci\u00f3 que se habilito un n\u00famero de tel\u00e9fono para que los ciudadanos realicen consultas y evacuen dudas<\/strong><\/em><\/p>\n<p>&nbsp;<\/p>\n<p>&nbsp;<\/p>\n<p>Se realiz\u00f3, una conferencia de prensa, desde Sala de Periodistas de Casa de Gobierno en la cual se anunciaron que se incorpor\u00f3 el 0800 777 8476, para aclarar dudas y consultas que puedan tener los ciudadanos, sobre los s\u00edntomas del Coronavirus.<\/p>\n<p>El gobierno provincial, habilito una de &#8220;las l\u00edneas que va ser una de las l\u00edneas que tendr\u00e1 la comunidad en general y los distintos sectores del Estado y de las organizaciones sociales para ir evacuando las dudas y canalizar de la mejor manera posible las consultas que se originen en la sociedad&#8221;.<\/p>\n","protected":false},"excerpt":{"rendered":"<p>El gobierno de Entre R\u00edos, anunci\u00f3 que se habilito un n\u00famero de tel\u00e9fono para que los ciudadanos realicen consultas y evacuen dudas &nbsp; &nbsp; Se realiz\u00f3, una conferencia de prensa, desde Sala de Periodistas de Casa de Gobierno en la cual se anunciaron que se incorpor\u00f3 el 0800 777 8476, para aclarar dudas y consultas que puedan tener los ciudadanos, sobre los s\u00edntomas del Coronavirus. El gobierno provincial, habilito una de &#8220;las l\u00edneas que va ser una de las l\u00edneas que tendr\u00e1 la comunidad en general y los distintos sectores&#8230;<\/p>\n","protected":false},"author":3,"featured_media":59154,"comment_status":"closed","ping_status":"closed","sticky":false,"template":"","format":"standard","meta":[],"categories":[15],"tags":[],"_links":{"self":[{"href":"https:\/\/www.actualidadadiario.com\/index.php\/wp-json\/wp\/v2\/posts\/59153"}],"collection":[{"href":"https:\/\/www.actualidadadiario.com\/index.php\/wp-json\/wp\/v2\/posts"}],"about":[{"href":"https:\/\/www.actualidadadiario.com\/index.php\/wp-json\/wp\/v2\/types\/post"}],"author":[{"embeddable":true,"href":"https:\/\/www.actualidadadiario.com\/index.php\/wp-json\/wp\/v2\/users\/3"}],"replies":[{"embeddable":true,"href":"https:\/\/www.actualidadadiario.com\/index.php\/wp-json\/wp\/v2\/comments?post=59153"}],"version-history":[{"count":1,"href":"https:\/\/www.actualidadadiario.com\/index.php\/wp-json\/wp\/v2\/posts\/59153\/revisions"}],"predecessor-version":[{"id":59155,"href":"https:\/\/www.actualidadadiario.com\/index.php\/wp-json\/wp\/v2\/posts\/59153\/revisions\/59155"}],"wp:featuredmedia":[{"embeddable":true,"href":"https:\/\/www.actualidadadiario.com\/index.php\/wp-json\/wp\/v2\/media\/59154"}],"wp:attachment":[{"href":"https:\/\/www.actualidadadiario.com\/index.php\/wp-json\/wp\/v2\/media?parent=59153"}],"wp:term":[{"taxonomy":"category","embeddable":true,"href":"https:\/\/www.actualidadadiario.com\/index.php\/wp-json\/wp\/v2\/categories?post=59153"},{"taxonomy":"post_tag","embeddable":true,"href":"https:\/\/www.actualidadadiario.com\/index.php\/wp-json\/wp\/v2\/tags?post=59153"}],"curies":[{"name":"wp","href":"https:\/\/api.w.org\/{rel}","templated":true}]}}