{"id":59151,"date":"2020-03-18T11:01:17","date_gmt":"2020-03-18T14:01:17","guid":{"rendered":"https:\/\/www.actualidadadiario.com\/?p=59151"},"modified":"2020-03-18T11:01:17","modified_gmt":"2020-03-18T14:01:17","slug":"segundo-caso-de-coronavirus-en-entre-rios-el-paciente-se-encuentra-asintomatico-y-aislado","status":"publish","type":"post","link":"https:\/\/www.actualidadadiario.com\/index.php\/2020\/03\/18\/segundo-caso-de-coronavirus-en-entre-rios-el-paciente-se-encuentra-asintomatico-y-aislado\/","title":{"rendered":"Segundo caso de coronavirus en Entre R\u00edos: el paciente se encuentra \u201casintom\u00e1tico y aislado\u201d"},"content":{"rendered":"<p style=\"text-align: center;\"><em><strong>El director de Epidemiolog\u00eda de Entre R\u00edos, Diego Garcilazo, inform\u00f3 que el primer paciente con coronavirus en Paran\u00e1 y el segundo en la provincia, &#8220;se encuentra en buen estado general; asintom\u00e1tico y aislado. Al igual que sus contactos&#8221;<\/strong><\/em><\/p>\n<p>&nbsp;<\/p>\n<p>&nbsp;<\/p>\n<p>El funcionario se\u00f1al\u00f3 que el infectado &#8220;ha tenido un cuadro de fiebre asociado a dolor de garganta y se encuentra asintom\u00e1tico. Se esperan otros resultados para poder dar el alta&#8221;.<\/p>\n<p>Asimismo, precis\u00f3 que \u201cse van a tomar unas muestras nuevamente para poder darle ya el alta definitiva&#8221;.<\/p>\n<p>&nbsp;<\/p>\n<p><strong>\u201cNunca tuvo s\u00edntomas\u201d<\/strong><\/p>\n<p>El hombre arrib\u00f3 a la capital entrerriana \u201chace 12 d\u00edas\u201d, expresaron allegados del paciente, y manifestaron que \u201cnunca tuvo s\u00edntomas\u201d, por lo que el mismo infect\u00f3logo \u201ccrey\u00f3 que no era coronavirus\u201d.<\/p>\n<p>Los familiares del paciente indicaron que decidieron concurrir al hospital porque, a los d\u00edas de haber llegado, \u201cle molestaba la garganta. Ten\u00eda 37,5 de temperatura&#8221;.<\/p>\n<p>En el nosocomio de Paran\u00e1, le realizaron todos estudios pertinentes, entre ellos el hisopado.<\/p>\n<p>&nbsp;<\/p>\n<p><strong>&#8220;Cumpli\u00f3 con el protocolo de aislamiento&#8221;<\/strong><\/p>\n<p>Familiares del paciente destacaron que \u201csiempre estuvo aislado, incluso en la casa, con habitaci\u00f3n y ba\u00f1o s\u00f3lo para \u00e9l&#8221;. Asimismo, se\u00f1alaron que se mantuvieron en permanente comunicaci\u00f3n con las autoridades de Salud, las cuales, este martes les confirmaron que padec\u00eda Covid-19.<\/p>\n<p>La situaci\u00f3n gener\u00f3 alarma en el lugar de trabajo de la madre, puesto que la misma hace poco hab\u00eda concurrido al lugar. Incluso, algunos trabajadores, al ser notificados de la situaci\u00f3n, hab\u00edan adoptado la determinaci\u00f3n de aislarse preventivamente.<\/p>\n<p>Para este mi\u00e9rcoles, en la casa del paciente aguardaban que le realicen un nuevo hisopado, que podr\u00eda determinar que le den el alta.<\/p>\n","protected":false},"excerpt":{"rendered":"<p>El director de Epidemiolog\u00eda de Entre R\u00edos, Diego Garcilazo, inform\u00f3 que el primer paciente con coronavirus en Paran\u00e1 y el segundo en la provincia, &#8220;se encuentra en buen estado general; asintom\u00e1tico y aislado. Al igual que sus contactos&#8221; &nbsp; &nbsp; El funcionario se\u00f1al\u00f3 que el infectado &#8220;ha tenido un cuadro de fiebre asociado a dolor de garganta y se encuentra asintom\u00e1tico. Se esperan otros resultados para poder dar el alta&#8221;. Asimismo, precis\u00f3 que \u201cse van a tomar unas muestras nuevamente para poder darle ya el alta definitiva&#8221;. &nbsp; \u201cNunca tuvo&#8230;<\/p>\n","protected":false},"author":3,"featured_media":58830,"comment_status":"closed","ping_status":"closed","sticky":false,"template":"","format":"standard","meta":[],"categories":[15],"tags":[],"_links":{"self":[{"href":"https:\/\/www.actualidadadiario.com\/index.php\/wp-json\/wp\/v2\/posts\/59151"}],"collection":[{"href":"https:\/\/www.actualidadadiario.com\/index.php\/wp-json\/wp\/v2\/posts"}],"about":[{"href":"https:\/\/www.actualidadadiario.com\/index.php\/wp-json\/wp\/v2\/types\/post"}],"author":[{"embeddable":true,"href":"https:\/\/www.actualidadadiario.com\/index.php\/wp-json\/wp\/v2\/users\/3"}],"replies":[{"embeddable":true,"href":"https:\/\/www.actualidadadiario.com\/index.php\/wp-json\/wp\/v2\/comments?post=59151"}],"version-history":[{"count":1,"href":"https:\/\/www.actualidadadiario.com\/index.php\/wp-json\/wp\/v2\/posts\/59151\/revisions"}],"predecessor-version":[{"id":59152,"href":"https:\/\/www.actualidadadiario.com\/index.php\/wp-json\/wp\/v2\/posts\/59151\/revisions\/59152"}],"wp:featuredmedia":[{"embeddable":true,"href":"https:\/\/www.actualidadadiario.com\/index.php\/wp-json\/wp\/v2\/media\/58830"}],"wp:attachment":[{"href":"https:\/\/www.actualidadadiario.com\/index.php\/wp-json\/wp\/v2\/media?parent=59151"}],"wp:term":[{"taxonomy":"category","embeddable":true,"href":"https:\/\/www.actualidadadiario.com\/index.php\/wp-json\/wp\/v2\/categories?post=59151"},{"taxonomy":"post_tag","embeddable":true,"href":"https:\/\/www.actualidadadiario.com\/index.php\/wp-json\/wp\/v2\/tags?post=59151"}],"curies":[{"name":"wp","href":"https:\/\/api.w.org\/{rel}","templated":true}]}}