{"id":59148,"date":"2020-03-18T11:00:35","date_gmt":"2020-03-18T14:00:35","guid":{"rendered":"https:\/\/www.actualidadadiario.com\/?p=59148"},"modified":"2020-03-18T11:00:35","modified_gmt":"2020-03-18T14:00:35","slug":"la-legislatura-adhiere-al-asueto-administrativo","status":"publish","type":"post","link":"https:\/\/www.actualidadadiario.com\/index.php\/2020\/03\/18\/la-legislatura-adhiere-al-asueto-administrativo\/","title":{"rendered":"La Legislatura adhiere al asueto administrativo"},"content":{"rendered":"<p style=\"text-align: center;\"><em><strong>En el marco de las pol\u00edticas para contener la propagaci\u00f3n del Coronavirus, la C\u00e1mara de Diputados y la de Senadores dispusieron la adhesi\u00f3n al asueto administrativo provincial establecido por el Gobierno de Entre R\u00edos<\/strong><\/em><\/p>\n<p>&nbsp;<\/p>\n<p>&nbsp;<\/p>\n<p>En consonancia con las medidas que el gobernador Gustavo Bordet fij\u00f3 a trav\u00e9s del decreto N\u00b0 368, los presidentes de ambos \u00f3rganos legislativos, Laura Stratta y \u00c1ngel Giano, dispusieron adherir al asueto administrativo provincial.<\/p>\n<p>La medida declara el asueto administrativo a partir de este martes 17 y hasta el d\u00eda 31 de marzo en el marco de la emergencia sanitaria, asegurando guardias m\u00ednimas y servicios esenciales.<\/p>\n<p>Tambi\u00e9n se dispensa de la asistencia a sus lugares de trabajo a las personas de 60 a\u00f1os o mayores, salvo las declaradas personal esencial, o que est\u00e9n afectadas a actividades cr\u00edticas o de prestaci\u00f3n de servicios indispensables, as\u00ed como tambi\u00e9n las declaradas en situaci\u00f3n de riesgo por el Comit\u00e9 de Organizaci\u00f3n de la Emergencia en Salud.<\/p>\n<p>Asimismo, los responsables de cada jurisdicci\u00f3n podr\u00e1n determinar las condiciones y pautas para que se realicen las tareas habituales o an\u00e1logas que los agentes puedan desarrollar en forma remota.<\/p>\n<p>Stratta y Giano consideraron indispensable extremar las tareas de cuidado y prevenci\u00f3n, as\u00ed como el distanciamiento social para prevenir la propagaci\u00f3n del Coronavirus.<\/p>\n","protected":false},"excerpt":{"rendered":"<p>En el marco de las pol\u00edticas para contener la propagaci\u00f3n del Coronavirus, la C\u00e1mara de Diputados y la de Senadores dispusieron la adhesi\u00f3n al asueto administrativo provincial establecido por el Gobierno de Entre R\u00edos &nbsp; &nbsp; En consonancia con las medidas que el gobernador Gustavo Bordet fij\u00f3 a trav\u00e9s del decreto N\u00b0 368, los presidentes de ambos \u00f3rganos legislativos, Laura Stratta y \u00c1ngel Giano, dispusieron adherir al asueto administrativo provincial. La medida declara el asueto administrativo a partir de este martes 17 y hasta el d\u00eda 31 de marzo en&#8230;<\/p>\n","protected":false},"author":3,"featured_media":59149,"comment_status":"closed","ping_status":"closed","sticky":false,"template":"","format":"standard","meta":[],"categories":[15],"tags":[],"_links":{"self":[{"href":"https:\/\/www.actualidadadiario.com\/index.php\/wp-json\/wp\/v2\/posts\/59148"}],"collection":[{"href":"https:\/\/www.actualidadadiario.com\/index.php\/wp-json\/wp\/v2\/posts"}],"about":[{"href":"https:\/\/www.actualidadadiario.com\/index.php\/wp-json\/wp\/v2\/types\/post"}],"author":[{"embeddable":true,"href":"https:\/\/www.actualidadadiario.com\/index.php\/wp-json\/wp\/v2\/users\/3"}],"replies":[{"embeddable":true,"href":"https:\/\/www.actualidadadiario.com\/index.php\/wp-json\/wp\/v2\/comments?post=59148"}],"version-history":[{"count":1,"href":"https:\/\/www.actualidadadiario.com\/index.php\/wp-json\/wp\/v2\/posts\/59148\/revisions"}],"predecessor-version":[{"id":59150,"href":"https:\/\/www.actualidadadiario.com\/index.php\/wp-json\/wp\/v2\/posts\/59148\/revisions\/59150"}],"wp:featuredmedia":[{"embeddable":true,"href":"https:\/\/www.actualidadadiario.com\/index.php\/wp-json\/wp\/v2\/media\/59149"}],"wp:attachment":[{"href":"https:\/\/www.actualidadadiario.com\/index.php\/wp-json\/wp\/v2\/media?parent=59148"}],"wp:term":[{"taxonomy":"category","embeddable":true,"href":"https:\/\/www.actualidadadiario.com\/index.php\/wp-json\/wp\/v2\/categories?post=59148"},{"taxonomy":"post_tag","embeddable":true,"href":"https:\/\/www.actualidadadiario.com\/index.php\/wp-json\/wp\/v2\/tags?post=59148"}],"curies":[{"name":"wp","href":"https:\/\/api.w.org\/{rel}","templated":true}]}}