{"id":59143,"date":"2020-03-18T10:59:05","date_gmt":"2020-03-18T13:59:05","guid":{"rendered":"https:\/\/www.actualidadadiario.com\/?p=59143"},"modified":"2020-03-18T10:59:05","modified_gmt":"2020-03-18T13:59:05","slug":"el-gobierno-entrerriano-reitero-la-necesidad-de-fortalecer-el-compromiso-desde-el-autocuidado","status":"publish","type":"post","link":"https:\/\/www.actualidadadiario.com\/index.php\/2020\/03\/18\/el-gobierno-entrerriano-reitero-la-necesidad-de-fortalecer-el-compromiso-desde-el-autocuidado\/","title":{"rendered":"El gobierno entrerriano reiter\u00f3 la necesidad de fortalecer el compromiso desde el autocuidado"},"content":{"rendered":"<p style=\"text-align: center;\"><em><strong>El gobierno de Entre R\u00edos realiz\u00f3 un an\u00e1lisis de la situaci\u00f3n epidemiol\u00f3gica en la provincia por el COVID-19 y reiteraron la necesidad de \u201cfortalecer el compromiso desde el autocuidado\u201d<\/strong><\/em><\/p>\n<p>&nbsp;<\/p>\n<p>&nbsp;<\/p>\n<p>De la conferencia que se realiz\u00f3 a trav\u00e9s de una transmisi\u00f3n online desde la Sala de Periodistas de Casa de Gobierno, respondiendo preguntas a trav\u00e9s del mismo mecanismo, participaron a ministra de Salud, Sonia Vel\u00e1zquez; la secretaria de Salud, Carina Reh; el secretario de Pol\u00edticas Sanitarias y de Bienestar, Guillermo Zanutini, y el director de Epidemiolog\u00eda, Diego Garcilazo.<\/p>\n<p>All\u00ed, la ministra de Salud hizo hincapi\u00e9 en que \u201ctenemos todo el sistema de Salud trabajando\u201d y en que es necesario \u201cfortalecer un compromiso desde lo individual, desde el auto cuidado, para poder tambi\u00e9n transmitir y fortalecer el compromiso colectivo\u201d.<\/p>\n<p>Luego la funcionaria apel\u00f3 \u201ca la responsabilidad ciudadana tambi\u00e9n para transmitir y comunicar de la mejor forma posible\u201d y agradeci\u00f3 la colaboraci\u00f3n de los medios de comunicaci\u00f3n \u201cque han elaborado y transmitido informaci\u00f3n correcta\u201d.<\/p>\n<p>\u201cDesde el Comit\u00e9 de Organizaci\u00f3n de Emergencia Sanitaria (COES) estaremos reportando toda la informaci\u00f3n que nos cabe con el compromiso y el rigor de la comunicaci\u00f3n. En ese sentido apelamos a la comunidad a ser responsables con los mensajes que transmiten, puesto que en estas \u00faltimas horas han circulados por whatsapp mensajes que no son correctos\u201d, afirm\u00f3 la ministra.<\/p>\n<p>En la conferencia de prensa se se\u00f1al\u00f3 que se incorpor\u00f3 &#8220;el 08007778476 que va ser una de las l\u00edneas que tendr\u00e1 la comunidad en general y los distintos sectores del Estado y de las organizaciones sociales para ir evacuando las dudas y canalizar de la mejor manera posible las consultas que se originen en la sociedad&#8221;.<\/p>\n<p>&nbsp;<\/p>\n<p><strong>Dos casos<\/strong><\/p>\n<p>Por su parte, el director de Epidemiolog\u00eda, Diego Garcilazo, precis\u00f3 que en el d\u00eda de hoy \u201cconfirmamos un caso de nuevo coronavirus en la ciudad de Paran\u00e1 de una persona con antecedentes de viajes por un pa\u00eds donde hay circulaci\u00f3n sostenida del virus\u201d. Apunt\u00f3 que se trata de un paciente que se encuentra \u201cen muy buen estado general, asintom\u00e1tico y aislado, al igual que sus contactos estrechos. El cuadro cl\u00ednico fue leve, fiebre asociada a dolor de garganta, y en este momento se encuentra sin s\u00edntomas, y se espera otro resultado para poder darle el alta\u201d.<\/p>\n<p>Haciendo un balance dijo que \u201ctenemos dos casos confirmados, uno de Gualeguay, esta persona es oriunda del exterior pero circunstancialmente est\u00e1 en la ciudad, hay cinco casos en estudio y se descartaron ya 12 casos\u201d.<\/p>\n<p>Por su parte el secretario de Pol\u00edticas Sanitarias y de Bienestar, Guillermo Zanutini, indic\u00f3 que \u201cdesde hace m\u00e1s de un mes venimos trabajando, y desde hace m\u00e1s de 15 d\u00edas, de alguna manera venimos formalmente, institucionalmente trabajando en ese marco\u201d.<\/p>\n<p>En este sentido, puntualiz\u00f3 que \u201cdesarrollamos un marco operativo en el cual estamos trabajando en esta fase de contenci\u00f3n. Las acciones que venimos desarrollando tiene que ver con el acercamiento b\u00e1sicamente como para transmitir medidas de prevenci\u00f3n general en esto, y justamente tiene que ver con esta etapa de contenci\u00f3n con los distintos sectores que hacen al Estado, y b\u00e1sicamente reforzar obviamente la atenci\u00f3n diferenciada que proponemos tanto para los servicios p\u00fablicos de salud como para los servicios que corresponden al subsector privado en la provincia\u201d.<\/p>\n<p>Explic\u00f3 que en ese marco, \u201cdefinimos 18 localidades en t\u00e9rminos de profundizar la organizaci\u00f3n para que constituya los centros de referencia del conjunto del territorio provincial y los departamento. Esa es b\u00e1sicamente la l\u00ednea de trabajo en la que est\u00e1 el ministerio, profundizando acciones d\u00eda a d\u00eda en torno fundamentalmente a instalar en la sociedad, y en eso apelamos obviamente a lo que dec\u00eda la ministra a la responsabilidad ciudadana, a la que nos corresponde a todos los sectores del Estado, a las distintas organizaciones sociales y a la comunidad en general para poder respetar las recomendaciones que nosotros estamos haciendo en el plan operativo nacional\u201d.<\/p>\n<p>Apunt\u00f3 que b\u00e1sicamente las recomendaciones son las que est\u00e1n en conocimiento del conjunto de la sociedad, y estos d\u00edas nos sirven particularmente a los entrerrianos para ir aprendiendo conductas progresivamente de autocuidado y de cuidado comunitario.<\/p>\n<p>En eso est\u00e1 b\u00e1sicamente el Ministerio de Salud trabajando desde este Comit\u00e9 de Organizaci\u00f3n y en definitiva lo \u00faltimo ser\u00eda de reconocer el trabajo que se viene haciendo desde los distintos servicios, en este caso, nos da al absoluta tranquilidad de que se cumplieron con todos los protocolos y recomendaciones que rigen para la atenci\u00f3n del primer caso que nos toca atender desde los servicios de salud de la provincia de Entre R\u00edos.<\/p>\n<p>Por su parte, la secretaria de Salud, Carina Reh, apel\u00f3 fundamentalmente a la responsabilidad social en todos los aspectos, lo comunicacional, en el cuidado personal y de toda la comunidad sobre todo en los vinculado a las personas que provienen de lugares de circulaci\u00f3n activa del virus y deben cumplir con el aislamiento obligatorio porque eso va a generar un trabajo m\u00e1s ordenado para todos los equipos de salud de la provincia que vienen trabajando y cumpliendo absolutamente con todos los protocolos elaborados y cursados a los efectores de salud p\u00fablicos y privados, centros de salud y hospitales para atender en forma organizada y sistem\u00e1tica a las personas que consultaron.<\/p>\n<p>Adem\u00e1s, se manifest\u00f3 que &#8220;la atenci\u00f3n se est\u00e1 haciendo tanto en los efectores p\u00fablicos como en los privados. Casi todas las jurisdicciones de la provincia est\u00e1n trabajando en forma integrada. Se han formado comit\u00e9s de trabajo interdisciplinarios de los cuales participan no s\u00f3lo los efectores de salud, sino tambi\u00e9n otras instituciones como Defensa Civil, bomberos voluntarios, algunas ONG. Eso depende de cada departamento y de cada ciudad. La orientaci\u00f3n y la recomendaci\u00f3n que desde el COES se le dio a todos los directores de hospitales de referencia y m\u00e1s peque\u00f1os es que conformaran equipos de trabajo para poder garantizar adecuadamente la asistencia de todos los pacientes y tenemos un reporte permanente de todo el trabajo que se viene haciendo en cada una de las localidades&#8221;.<\/p>\n<p>En ese sentido, Guillermo Zanutini, inst\u00f3 en que \u201cb\u00e1sicamente las recomendaciones son las que est\u00e1n en conocimiento del conjunto de la sociedad, y estos d\u00edas nos sirven particularmente a los entrerrianos para ir aprendiendo conductas progresivamente de autocuidado y de cuidado comunitario\u201d<\/p>\n<p>Dicho esto, reconoci\u00f3 \u201cel trabajo que se viene haciendo desde los distintos servicios\u201d, y manifest\u00f3 que \u201cnos da la absoluta tranquilidad de que se cumplieron con todos los protocolos y recomendaciones que rigen para la atenci\u00f3n del primer caso que nos toca atender desde los servicios de salud de la provincia de Entre R\u00edos\u201d.<\/p>\n","protected":false},"excerpt":{"rendered":"<p>El gobierno de Entre R\u00edos realiz\u00f3 un an\u00e1lisis de la situaci\u00f3n epidemiol\u00f3gica en la provincia por el COVID-19 y reiteraron la necesidad de \u201cfortalecer el compromiso desde el autocuidado\u201d &nbsp; &nbsp; De la conferencia que se realiz\u00f3 a trav\u00e9s de una transmisi\u00f3n online desde la Sala de Periodistas de Casa de Gobierno, respondiendo preguntas a trav\u00e9s del mismo mecanismo, participaron a ministra de Salud, Sonia Vel\u00e1zquez; la secretaria de Salud, Carina Reh; el secretario de Pol\u00edticas Sanitarias y de Bienestar, Guillermo Zanutini, y el director de Epidemiolog\u00eda, Diego Garcilazo. All\u00ed,&#8230;<\/p>\n","protected":false},"author":3,"featured_media":59144,"comment_status":"closed","ping_status":"closed","sticky":false,"template":"","format":"standard","meta":[],"categories":[9],"tags":[],"_links":{"self":[{"href":"https:\/\/www.actualidadadiario.com\/index.php\/wp-json\/wp\/v2\/posts\/59143"}],"collection":[{"href":"https:\/\/www.actualidadadiario.com\/index.php\/wp-json\/wp\/v2\/posts"}],"about":[{"href":"https:\/\/www.actualidadadiario.com\/index.php\/wp-json\/wp\/v2\/types\/post"}],"author":[{"embeddable":true,"href":"https:\/\/www.actualidadadiario.com\/index.php\/wp-json\/wp\/v2\/users\/3"}],"replies":[{"embeddable":true,"href":"https:\/\/www.actualidadadiario.com\/index.php\/wp-json\/wp\/v2\/comments?post=59143"}],"version-history":[{"count":1,"href":"https:\/\/www.actualidadadiario.com\/index.php\/wp-json\/wp\/v2\/posts\/59143\/revisions"}],"predecessor-version":[{"id":59145,"href":"https:\/\/www.actualidadadiario.com\/index.php\/wp-json\/wp\/v2\/posts\/59143\/revisions\/59145"}],"wp:featuredmedia":[{"embeddable":true,"href":"https:\/\/www.actualidadadiario.com\/index.php\/wp-json\/wp\/v2\/media\/59144"}],"wp:attachment":[{"href":"https:\/\/www.actualidadadiario.com\/index.php\/wp-json\/wp\/v2\/media?parent=59143"}],"wp:term":[{"taxonomy":"category","embeddable":true,"href":"https:\/\/www.actualidadadiario.com\/index.php\/wp-json\/wp\/v2\/categories?post=59143"},{"taxonomy":"post_tag","embeddable":true,"href":"https:\/\/www.actualidadadiario.com\/index.php\/wp-json\/wp\/v2\/tags?post=59143"}],"curies":[{"name":"wp","href":"https:\/\/api.w.org\/{rel}","templated":true}]}}