{"id":59128,"date":"2020-03-17T12:24:50","date_gmt":"2020-03-17T15:24:50","guid":{"rendered":"https:\/\/www.actualidadadiario.com\/?p=59128"},"modified":"2020-03-17T12:24:50","modified_gmt":"2020-03-17T15:24:50","slug":"macron-anuncio-una-cuarentena-muy-severa-y-advirtio-estamos-en-guerra","status":"publish","type":"post","link":"https:\/\/www.actualidadadiario.com\/index.php\/2020\/03\/17\/macron-anuncio-una-cuarentena-muy-severa-y-advirtio-estamos-en-guerra\/","title":{"rendered":"Macron anunci\u00f3 una cuarentena muy severa y advirti\u00f3: \u201cEstamos en guerra\u201d"},"content":{"rendered":"<p style=\"text-align: center;\"><em><strong>El presidente de Francia present\u00f3 un paquete de medidas que suponen casi &#8220;cerrar&#8221; el pa\u00eds y anunci\u00f3 la suspensi\u00f3n del pago alquileres, facturas de luz, agua y gas, y exenciones impositivas y de cargas sociales para empresas &#8220;de todo tama\u00f1o&#8221;<\/strong><\/em><\/p>\n<p>&nbsp;<\/p>\n<p>&nbsp;<\/p>\n<p>El presidente de Francia, Emmanuel Macron, present\u00f3 por televisi\u00f3n un paquete de medidas para iniciar una cuasi cuarentena y, por primera vez en esta lucha global contra el coronavirus, sum\u00f3 una serie de anuncios para reforzar el estado de bienestar: la suspensi\u00f3n del pago alquileres, facturas de luz, agua y gas, y exenciones impositivas y de cargas sociales para empresas &#8220;de todo tama\u00f1o&#8221;.<\/p>\n<p>Al mismo tiempo, adelant\u00f3 que se pospondr\u00e1 la segunda ronda de elecciones municipales prevista para el pr\u00f3ximo domingo y anunci\u00f3 el cierre de fronteras externas de la Uni\u00f3n Europea (UE) y del espacio Schengen -la zona de libre circulaci\u00f3n de personas que incluye a gran parte de ese continente- por 30 d\u00edas.<\/p>\n<p>Macron anunci\u00f3 ayer el nuevo paquete de medidas en un momento en que la curva de transmisi\u00f3n sigue creciendo en el pa\u00eds y en el mundo. El coronavirus ya infect\u00f3 a m\u00e1s de 170.000 personas y caus\u00f3 m\u00e1s de 7.000 muertes a nivel global. \u201cEstamos en guerra\u201d, advirti\u00f3.<\/p>\n<p>Unas 1.210 personas dieron positivo por coronavirus en Francia en las \u00faltimas 24 horas, y el Ministerio de Salud inform\u00f3 de 21 muertes m\u00e1s que se suman a las anteriores llegando a un total de 148 v\u00edctimas fatales y 6.633 infectados en el pa\u00eds.<\/p>\n<p>Inmediatamente despu\u00e9s de anunciar medidas de cierre y bloqueo similares a las que ya est\u00e1n en vigor en Espa\u00f1a e Italia -sin mencionar nunca la palabra cuarentena-, el presidente franc\u00e9s agreg\u00f3 un paquete de ayuda, in\u00e9dito hasta ahora en esta crisis.<\/p>\n<p>\u201cNinguna empresa, no importa el tama\u00f1o que tenga, va a quebrar y ning\u00fan ciudadano se va a quedar sin recursos para afrontar esta crisis\u201d, prometi\u00f3. \u201cLas empresas deben facilitar el trabajo a distancia\u201d, dijo Macron y anunci\u00f3 medidas -que se terminar\u00e1n de detallar ma\u00f1ana- de ayuda a las empresas, a los trabajadores independientes, a los comerciantes y a las Pymes.<\/p>\n<p>Si bien no lo dijo expresamente, estimul\u00f3 a los ciudadanos franceses a no salir de sus hogares y a las empresas a permitir a sus empleados hacer trabajo remoto. Para hacer frente a esto, Macron asegur\u00f3 que se suspender\u00e1 la recaudaci\u00f3n sobre los servicios de gas, luz y agua, al tiempo que se ampliar\u00e1 sistema de beneficio de desempleo y se crear\u00e1 un fondo de solidaridad para empresarios, artesanos y comerciantes.<\/p>\n<p>Agreg\u00f3 que podr\u00e1n salir quienes deban ir a trabajar cuando el trabajo a distancia no sea posible y se habilitar\u00e1 a las personas a hacer los trayectos necesarios para hacer un poco de actividad f\u00edsica. \u201cSolo se puede ir a trabajar cuando el trabajo a distancia no sea posible, cualquier infracci\u00f3n ser\u00e1 sancionada\u201d, dijo hoy Macron, dejando los detalles de la reglamentaci\u00f3n para hoy.<\/p>\n","protected":false},"excerpt":{"rendered":"<p>El presidente de Francia present\u00f3 un paquete de medidas que suponen casi &#8220;cerrar&#8221; el pa\u00eds y anunci\u00f3 la suspensi\u00f3n del pago alquileres, facturas de luz, agua y gas, y exenciones impositivas y de cargas sociales para empresas &#8220;de todo tama\u00f1o&#8221; &nbsp; &nbsp; El presidente de Francia, Emmanuel Macron, present\u00f3 por televisi\u00f3n un paquete de medidas para iniciar una cuasi cuarentena y, por primera vez en esta lucha global contra el coronavirus, sum\u00f3 una serie de anuncios para reforzar el estado de bienestar: la suspensi\u00f3n del pago alquileres, facturas de luz,&#8230;<\/p>\n","protected":false},"author":3,"featured_media":59129,"comment_status":"closed","ping_status":"closed","sticky":false,"template":"","format":"standard","meta":[],"categories":[4],"tags":[],"_links":{"self":[{"href":"https:\/\/www.actualidadadiario.com\/index.php\/wp-json\/wp\/v2\/posts\/59128"}],"collection":[{"href":"https:\/\/www.actualidadadiario.com\/index.php\/wp-json\/wp\/v2\/posts"}],"about":[{"href":"https:\/\/www.actualidadadiario.com\/index.php\/wp-json\/wp\/v2\/types\/post"}],"author":[{"embeddable":true,"href":"https:\/\/www.actualidadadiario.com\/index.php\/wp-json\/wp\/v2\/users\/3"}],"replies":[{"embeddable":true,"href":"https:\/\/www.actualidadadiario.com\/index.php\/wp-json\/wp\/v2\/comments?post=59128"}],"version-history":[{"count":1,"href":"https:\/\/www.actualidadadiario.com\/index.php\/wp-json\/wp\/v2\/posts\/59128\/revisions"}],"predecessor-version":[{"id":59130,"href":"https:\/\/www.actualidadadiario.com\/index.php\/wp-json\/wp\/v2\/posts\/59128\/revisions\/59130"}],"wp:featuredmedia":[{"embeddable":true,"href":"https:\/\/www.actualidadadiario.com\/index.php\/wp-json\/wp\/v2\/media\/59129"}],"wp:attachment":[{"href":"https:\/\/www.actualidadadiario.com\/index.php\/wp-json\/wp\/v2\/media?parent=59128"}],"wp:term":[{"taxonomy":"category","embeddable":true,"href":"https:\/\/www.actualidadadiario.com\/index.php\/wp-json\/wp\/v2\/categories?post=59128"},{"taxonomy":"post_tag","embeddable":true,"href":"https:\/\/www.actualidadadiario.com\/index.php\/wp-json\/wp\/v2\/tags?post=59128"}],"curies":[{"name":"wp","href":"https:\/\/api.w.org\/{rel}","templated":true}]}}