{"id":59122,"date":"2020-03-17T12:23:08","date_gmt":"2020-03-17T15:23:08","guid":{"rendered":"https:\/\/www.actualidadadiario.com\/?p=59122"},"modified":"2020-03-17T12:23:08","modified_gmt":"2020-03-17T15:23:08","slug":"recomiendan-no-tomar-ibuprofeno-a-los-pacientes-que-puedan-estar-contagiados-con-coronavirus","status":"publish","type":"post","link":"https:\/\/www.actualidadadiario.com\/index.php\/2020\/03\/17\/recomiendan-no-tomar-ibuprofeno-a-los-pacientes-que-puedan-estar-contagiados-con-coronavirus\/","title":{"rendered":"Recomiendan no tomar ibuprofeno a los pacientes que puedan estar contagiados con coronavirus"},"content":{"rendered":"<p style=\"text-align: center;\"><em><strong>A partir de un estudio en la revista m\u00e9dica The Lancet que indica que ese medicamento podr\u00eda empeorar la infecci\u00f3n, el ministerio de salud franc\u00e9s sugiri\u00f3 en su lugar combatir los s\u00edntomas febriles y los dolores con paracetamol<\/strong><\/em><\/p>\n<p>&nbsp;<\/p>\n<p>&nbsp;<\/p>\n<p>El mensaje del ministro de salud franc\u00e9s, Oliviar V\u00e9ran, en cuenta de Twitter fue contundente: \u201cTomar medicamentos antiinflamatorios como ibuprofeno o cortisona podr\u00eda ser un factor en el empeoramiento de la infecci\u00f3n. Si tienes fiebre, toma paracetamol. Si ya est\u00e1s tomando antiinflamatorios o tienes dudas, consulte a su m\u00e9dico\u201d.<\/p>\n<p>El mensaje de Veran fue seguido de un comunicado oficial del Ministerio de Salud franc\u00e9s que iba en la misma l\u00ednea: \u201cRecordamos que el tratamiento de la fiebre o el dolor con Covis-19 o cualquier otra virosis respiratoria se basa en el paracetamol, sin exceder la dosis de 60 mg\/kg\/d\u00eda y 3 g\/d\u00eda. Los antiinflamatorios no esteroideos (AINEs) deben evitarse\u201d.<\/p>\n<p>La recomendaci\u00f3n de las autoridades sanitarias francesas se basaron en una investigaci\u00f3n publicada el 11 de marzo por el equipo de Michael Roth de la Universidad de Basilea (Suiza) publicado en la revista m\u00e9dica The Lancet. La misma explica que el ibuprofeno activa la prote\u00edna ACE2 y que el coronavirus utiliza otra prote\u00edna que encaja en el ACE2 para ingresar a las c\u00e9lulas de los pulmones y el flujo sangu\u00edneo y expandirse a todo el cuerpo. Los investigadores dicen haber detectado que pacientes con diabetes e hipertensi\u00f3n, que utilizan tratamientos que tambi\u00e9n estimulan la prote\u00edna ACE2, parecen haber sufrido complicaciones mayores con el Covid-19.<\/p>\n<p>SI bien los propios autores del estudio sostienen que debe ser confirmado por una investigaci\u00f3n m\u00e1s exhaustiva, el Ministerio franc\u00e9s ha tomado la iniciativa de recomendar que no se utilice el ibuprofeno para controlar los s\u00edntomas febriles y dolores que provocan el coronavirus ya que ello podr\u00eda facilitar la expansi\u00f3n m\u00e1s r\u00e1pida de la enfermedad y en su lugar utilizar el paracetamol.<\/p>\n<p>El Comit\u00e9 de Evaluaci\u00f3n de Riesgos en Farmacovigilancia de la Uni\u00f3n Europea comenz\u00f3 a estudiar esta posible exacerbaci\u00f3n de infecciones con ibuprofeno o ketoprofeno, a petici\u00f3n de Francia. Pero para la Agencia Espa\u00f1ola de Medicamentos y Productos Sanitarios (AEMPS) \u201ceste an\u00e1lisis finalizar\u00e1 previsiblemente en mayo de 2020 pero, con la informaci\u00f3n disponible, es complejo determinar si esta asociaci\u00f3n existe, ya que el ibuprofeno se utiliza para el tratamiento de los s\u00edntomas iniciales de las infecciones y, por lo tanto, la relaci\u00f3n causa-efecto no es f\u00e1cil de establecer&#8221;. Por eso, por ahora, en Espa\u00f1a se sigue recomendando tanto el ibuprofeno como el paracetamol para combatir los s\u00edntomas del Covid-19.<\/p>\n<p>Francia registr\u00f3 el domingo 29 muertes adicionales por coronavirus, el mayor incremento de un d\u00eda en el pa\u00eds desde el brote, lo que eleva el total de muertes a 120, dijo el ministro Veran. Adem\u00e1s, se confirmaron 900 casos adicionales de infecci\u00f3n, lo que eleva el total a 5.400 desde enero, dijo Veran a la televisi\u00f3n France 2.<\/p>\n<p>El pa\u00eds, que cerr\u00f3 sus caf\u00e9s, restaurantes, escuelas y universidades y ha instado a la gente a limitar sus desplazamientos, ahora tratar\u00e1 de limitar los viajes de larga distancia \u201ca lo estrictamente necesario\u201d, dijo la ministra Elisabeth Borne.<\/p>\n<p>Adem\u00e1s, reducir\u00e1 progresivamente los viajes de larga distancia en tren, autob\u00fas y avi\u00f3n en su territorio en los pr\u00f3ximos d\u00edas para limitar la propagaci\u00f3n del coronavirus, anunci\u00f3 el domingo la ministra de Medio Ambiente.<\/p>\n<p>El ministro franc\u00e9s de Econom\u00eda, Bruno Le Maire, compareci\u00f3 este domingo ante los medios para descartar que el pa\u00eds tenga riesgos de penuria de productos b\u00e1sicos y garantizar su suministro.<\/p>\n<p>\u201cQuiero confirmar que la seguridad de los franceses en productos alimentarios y de primera necesidad est\u00e1 garantizada y que seguir\u00e1 est\u00e1ndolo en los d\u00edas y semanas pr\u00f3ximas\u201d, declar\u00f3 el ministro.<\/p>\n","protected":false},"excerpt":{"rendered":"<p>A partir de un estudio en la revista m\u00e9dica The Lancet que indica que ese medicamento podr\u00eda empeorar la infecci\u00f3n, el ministerio de salud franc\u00e9s sugiri\u00f3 en su lugar combatir los s\u00edntomas febriles y los dolores con paracetamol &nbsp; &nbsp; El mensaje del ministro de salud franc\u00e9s, Oliviar V\u00e9ran, en cuenta de Twitter fue contundente: \u201cTomar medicamentos antiinflamatorios como ibuprofeno o cortisona podr\u00eda ser un factor en el empeoramiento de la infecci\u00f3n. Si tienes fiebre, toma paracetamol. Si ya est\u00e1s tomando antiinflamatorios o tienes dudas, consulte a su m\u00e9dico\u201d. El&#8230;<\/p>\n","protected":false},"author":3,"featured_media":59123,"comment_status":"closed","ping_status":"closed","sticky":false,"template":"","format":"standard","meta":[],"categories":[4],"tags":[],"_links":{"self":[{"href":"https:\/\/www.actualidadadiario.com\/index.php\/wp-json\/wp\/v2\/posts\/59122"}],"collection":[{"href":"https:\/\/www.actualidadadiario.com\/index.php\/wp-json\/wp\/v2\/posts"}],"about":[{"href":"https:\/\/www.actualidadadiario.com\/index.php\/wp-json\/wp\/v2\/types\/post"}],"author":[{"embeddable":true,"href":"https:\/\/www.actualidadadiario.com\/index.php\/wp-json\/wp\/v2\/users\/3"}],"replies":[{"embeddable":true,"href":"https:\/\/www.actualidadadiario.com\/index.php\/wp-json\/wp\/v2\/comments?post=59122"}],"version-history":[{"count":1,"href":"https:\/\/www.actualidadadiario.com\/index.php\/wp-json\/wp\/v2\/posts\/59122\/revisions"}],"predecessor-version":[{"id":59124,"href":"https:\/\/www.actualidadadiario.com\/index.php\/wp-json\/wp\/v2\/posts\/59122\/revisions\/59124"}],"wp:featuredmedia":[{"embeddable":true,"href":"https:\/\/www.actualidadadiario.com\/index.php\/wp-json\/wp\/v2\/media\/59123"}],"wp:attachment":[{"href":"https:\/\/www.actualidadadiario.com\/index.php\/wp-json\/wp\/v2\/media?parent=59122"}],"wp:term":[{"taxonomy":"category","embeddable":true,"href":"https:\/\/www.actualidadadiario.com\/index.php\/wp-json\/wp\/v2\/categories?post=59122"},{"taxonomy":"post_tag","embeddable":true,"href":"https:\/\/www.actualidadadiario.com\/index.php\/wp-json\/wp\/v2\/tags?post=59122"}],"curies":[{"name":"wp","href":"https:\/\/api.w.org\/{rel}","templated":true}]}}