{"id":59119,"date":"2020-03-17T12:22:16","date_gmt":"2020-03-17T15:22:16","guid":{"rendered":"https:\/\/www.actualidadadiario.com\/?p=59119"},"modified":"2020-03-17T12:22:16","modified_gmt":"2020-03-17T15:22:16","slug":"alberto-desarrolla-su-actividad-en-olivos-con-el-eje-en-las-medidas-por-el-coronavirus","status":"publish","type":"post","link":"https:\/\/www.actualidadadiario.com\/index.php\/2020\/03\/17\/alberto-desarrolla-su-actividad-en-olivos-con-el-eje-en-las-medidas-por-el-coronavirus\/","title":{"rendered":"Alberto desarrolla su actividad en Olivos, con el eje en las medidas por el coronavirus"},"content":{"rendered":"<p style=\"text-align: center;\"><em><strong>El Presidente mantiene un contacto directo con el jefe de Gabinete, Santiago Cafiero, y el ministro de Salud, Gin\u00e9s Gonz\u00e1lez Garc\u00eda, as\u00ed como tambi\u00e9n con otros ministros del gabinete involucrados en la bater\u00eda de medidas para evitar m\u00e1s contagios en el pa\u00eds<\/strong><\/em><\/p>\n<p>&nbsp;<\/p>\n<p>&nbsp;<\/p>\n<p>El presidente Alberto Fern\u00e1ndez desarrolla hoy su actividad en la residencia de Olivos, con eje en el seguimiento de la pandemia del coronavirus y las medidas que est\u00e1 adoptando el Gobierno para evitar que se propague el virus, informaron fuentes oficiales.<\/p>\n<p>Fern\u00e1ndez mantiene un contacto directo con el jefe de Gabinete, Santiago Cafiero, y el ministro de Salud, Gin\u00e9s Gonz\u00e1lez Garc\u00eda, as\u00ed como tambi\u00e9n con otros ministros del gabinete involucrados en la bater\u00eda de medidas adoptadas para evitar m\u00e1s contagios en el pa\u00eds, donde hasta ayer se registraban 65 casos.<\/p>\n<p>En tanto, el jefe de Gabinete tiene previsto recibir hoy en la Casa de Gobierno al ministro de Transporte, Mario Meoni, quien estudia medidas tambi\u00e9n en el marco del coronavirus.<\/p>\n<p>Meoni cre\u00f3 la semana pasada el Comit\u00e9 de Crisis y Prevenci\u00f3n Covid-19, que incluy\u00f3 una comisi\u00f3n para transporte ferroviario, otra para automotor (ambas dependientes de la CRNT) y una tercera para transporte fluvial, mar\u00edtimo y lacustre, dependientes de la Subsecretar\u00eda de Puertos V\u00edas Navegables y Marino Mercante).<\/p>\n<p>Esas \u00e1reas estudian medidas para aplicar en el \u00e1mbito de la ciudad de Buenos Aires y el conurbano.<\/p>\n","protected":false},"excerpt":{"rendered":"<p>El Presidente mantiene un contacto directo con el jefe de Gabinete, Santiago Cafiero, y el ministro de Salud, Gin\u00e9s Gonz\u00e1lez Garc\u00eda, as\u00ed como tambi\u00e9n con otros ministros del gabinete involucrados en la bater\u00eda de medidas para evitar m\u00e1s contagios en el pa\u00eds &nbsp; &nbsp; El presidente Alberto Fern\u00e1ndez desarrolla hoy su actividad en la residencia de Olivos, con eje en el seguimiento de la pandemia del coronavirus y las medidas que est\u00e1 adoptando el Gobierno para evitar que se propague el virus, informaron fuentes oficiales. Fern\u00e1ndez mantiene un contacto directo&#8230;<\/p>\n","protected":false},"author":3,"featured_media":59120,"comment_status":"closed","ping_status":"closed","sticky":false,"template":"","format":"standard","meta":[],"categories":[18],"tags":[],"_links":{"self":[{"href":"https:\/\/www.actualidadadiario.com\/index.php\/wp-json\/wp\/v2\/posts\/59119"}],"collection":[{"href":"https:\/\/www.actualidadadiario.com\/index.php\/wp-json\/wp\/v2\/posts"}],"about":[{"href":"https:\/\/www.actualidadadiario.com\/index.php\/wp-json\/wp\/v2\/types\/post"}],"author":[{"embeddable":true,"href":"https:\/\/www.actualidadadiario.com\/index.php\/wp-json\/wp\/v2\/users\/3"}],"replies":[{"embeddable":true,"href":"https:\/\/www.actualidadadiario.com\/index.php\/wp-json\/wp\/v2\/comments?post=59119"}],"version-history":[{"count":1,"href":"https:\/\/www.actualidadadiario.com\/index.php\/wp-json\/wp\/v2\/posts\/59119\/revisions"}],"predecessor-version":[{"id":59121,"href":"https:\/\/www.actualidadadiario.com\/index.php\/wp-json\/wp\/v2\/posts\/59119\/revisions\/59121"}],"wp:featuredmedia":[{"embeddable":true,"href":"https:\/\/www.actualidadadiario.com\/index.php\/wp-json\/wp\/v2\/media\/59120"}],"wp:attachment":[{"href":"https:\/\/www.actualidadadiario.com\/index.php\/wp-json\/wp\/v2\/media?parent=59119"}],"wp:term":[{"taxonomy":"category","embeddable":true,"href":"https:\/\/www.actualidadadiario.com\/index.php\/wp-json\/wp\/v2\/categories?post=59119"},{"taxonomy":"post_tag","embeddable":true,"href":"https:\/\/www.actualidadadiario.com\/index.php\/wp-json\/wp\/v2\/tags?post=59119"}],"curies":[{"name":"wp","href":"https:\/\/api.w.org\/{rel}","templated":true}]}}