{"id":59116,"date":"2020-03-17T12:21:36","date_gmt":"2020-03-17T15:21:36","guid":{"rendered":"https:\/\/www.actualidadadiario.com\/?p=59116"},"modified":"2020-03-17T12:21:36","modified_gmt":"2020-03-17T15:21:36","slug":"el-gobierno-anuncia-medidas-economicas-para-paliar-la-crisis","status":"publish","type":"post","link":"https:\/\/www.actualidadadiario.com\/index.php\/2020\/03\/17\/el-gobierno-anuncia-medidas-economicas-para-paliar-la-crisis\/","title":{"rendered":"El Gobierno anuncia medidas econ\u00f3micas para paliar la crisis"},"content":{"rendered":"<p style=\"text-align: center;\"><em><strong>Se prev\u00e9 un incremento en la AUH y facilidades crediticias y fiscales para pymes, as\u00ed como un refuerzo en los controles de precios<\/strong><\/em><\/p>\n<p>&nbsp;<\/p>\n<p>Luego de una extensa jornada de reuniones, el Gobierno anunciar\u00e1 hoy una nueva serie de medidas, de \u00edndole econ\u00f3mica y social, para paliar los efectos generados en la coyuntura local frente al avance del coronavirus. Est\u00e1 previsto que, entre otras cosas, se anuncie una suba en la Asignaci\u00f3n Universal por Hijo (AUH), as\u00ed como tambi\u00e9n facilidades crediticas y fiscales para pymes y un refuerzo en los controles de precios.<\/p>\n<p>Los encargados de transmitir las nuevas decisiones oficiales ser\u00e1n los ministros de Econom\u00eda, Mart\u00edn Guzm\u00e1n, Desarrollo Productivo, Mat\u00edas Kulfas, y Desarrollo Social, Daniel Arroyo.<\/p>\n<p>El lunes por la noche, luego de una reuni\u00f3n del gabinete econ\u00f3mico y social que dur\u00f3 m\u00e1s de cuatro horas, el titular de la cartera de Trabajo, Claudio Moroni, ampli\u00f3 el universo de empleados del sector p\u00fablico nacional a los que se licencia de la obligaci\u00f3n de asistir sus lugares de trabajo. A los mayores de 60 a\u00f1os ahora se les suman personas con afecciones cr\u00f3nicas, como afecciones card\u00edacas y pulmonares, junto a embarazadas. Asimismo, se mantiene la licencia laboral para los padres y madres de ni\u00f1os y ni\u00f1as en edad escolar.<\/p>\n<p>Con un total de 65 casos positivos en todo el pa\u00eds, el avance del coronavirus oblig\u00f3 al Gobierno a reforzar las medidas, que se suman a la suspensi\u00f3n de clases hasta el 31 de marzo y el cierre de fronteras.<\/p>\n<p>&#8220;No estamos dando 14 d\u00edas de vacaciones, estamos en una emergencia. Necesitamos que todos los que puedan quedarse en casa se queden, esta vez es buen negocio quedarse en casa&#8221;, resalt\u00f3 Fern\u00e1ndez durante una conferencia de prensa que brind\u00f3 acompa\u00f1ado del Jefe de Gobierno de la Ciudad, Horacio Rodr\u00edguez Larreta, y el gobernador de la provincia de Buenos Aires, Axel Kicillof.<\/p>\n<p>El presidente, Alberto Fern\u00e1ndez, particip\u00f3 el lunes adem\u00e1s de una teleconferencia con mandatarios de la regi\u00f3n para dar cuenta del avance del coronavirus en Am\u00e9rica Latina y las medidas que se est\u00e1n tomando para hacerle frente a la pandemia.<\/p>\n<p>Seg\u00fan informaron fuentes de Presidencia, el mediador de dicho encuentro fue el jefe de Estado de Chile, Sebasti\u00e1n Pi\u00f1era, y los funcionarios intervinieron por orden alfab\u00e9tico, por lo cual el primero en tomar la palabra fue Fern\u00e1ndez, quien habl\u00f3 con los mandatarios de Uruguay, Luis Alberto Lacalle Pou; Chile, Sebasti\u00e1n Pi\u00f1era; Per\u00fa, Mart\u00edn Vizcarra; Paraguay, Mario Abdo Ben\u00edtez; Bolivia, Jeanine \u00c1\u00f1ez Ch\u00e1vez; Colombia, Iv\u00e1n Duque; y Ecuador, Len\u00edn Moreno; y con el canciller de Brasil, Ernesto Ara\u00fajo.<\/p>\n<p>\u201cVeo que no est\u00e1n incluidos todos los pa\u00edses de la regi\u00f3n\u201d, objet\u00f3 Fern\u00e1ndez en una alusi\u00f3n a la ausencia de las autoridades de Venezuela, seg\u00fan pudo saber este medio.<\/p>\n<p>El Presidente estuvo acompa\u00f1ado por los ministros de Salud, Gin\u00e9s Gonz\u00e1lez Garc\u00eda; de Relaciones Exteriores, Felipe Sol\u00e1; y el secretario de Asuntos Estrat\u00e9gicos, Gustavo B\u00e9liz, a quienes dej\u00f3 a cargo de la teleconferencia en su lugar dado que deb\u00eda regresar a la reuni\u00f3n de gabinete econ\u00f3mico y social, que se llev\u00f3 a cabo en el Sal\u00f3n de los Cient\u00edficos.<\/p>\n","protected":false},"excerpt":{"rendered":"<p>Se prev\u00e9 un incremento en la AUH y facilidades crediticias y fiscales para pymes, as\u00ed como un refuerzo en los controles de precios &nbsp; Luego de una extensa jornada de reuniones, el Gobierno anunciar\u00e1 hoy una nueva serie de medidas, de \u00edndole econ\u00f3mica y social, para paliar los efectos generados en la coyuntura local frente al avance del coronavirus. Est\u00e1 previsto que, entre otras cosas, se anuncie una suba en la Asignaci\u00f3n Universal por Hijo (AUH), as\u00ed como tambi\u00e9n facilidades crediticas y fiscales para pymes y un refuerzo en los&#8230;<\/p>\n","protected":false},"author":3,"featured_media":59117,"comment_status":"closed","ping_status":"closed","sticky":false,"template":"","format":"standard","meta":[],"categories":[18],"tags":[],"_links":{"self":[{"href":"https:\/\/www.actualidadadiario.com\/index.php\/wp-json\/wp\/v2\/posts\/59116"}],"collection":[{"href":"https:\/\/www.actualidadadiario.com\/index.php\/wp-json\/wp\/v2\/posts"}],"about":[{"href":"https:\/\/www.actualidadadiario.com\/index.php\/wp-json\/wp\/v2\/types\/post"}],"author":[{"embeddable":true,"href":"https:\/\/www.actualidadadiario.com\/index.php\/wp-json\/wp\/v2\/users\/3"}],"replies":[{"embeddable":true,"href":"https:\/\/www.actualidadadiario.com\/index.php\/wp-json\/wp\/v2\/comments?post=59116"}],"version-history":[{"count":1,"href":"https:\/\/www.actualidadadiario.com\/index.php\/wp-json\/wp\/v2\/posts\/59116\/revisions"}],"predecessor-version":[{"id":59118,"href":"https:\/\/www.actualidadadiario.com\/index.php\/wp-json\/wp\/v2\/posts\/59116\/revisions\/59118"}],"wp:featuredmedia":[{"embeddable":true,"href":"https:\/\/www.actualidadadiario.com\/index.php\/wp-json\/wp\/v2\/media\/59117"}],"wp:attachment":[{"href":"https:\/\/www.actualidadadiario.com\/index.php\/wp-json\/wp\/v2\/media?parent=59116"}],"wp:term":[{"taxonomy":"category","embeddable":true,"href":"https:\/\/www.actualidadadiario.com\/index.php\/wp-json\/wp\/v2\/categories?post=59116"},{"taxonomy":"post_tag","embeddable":true,"href":"https:\/\/www.actualidadadiario.com\/index.php\/wp-json\/wp\/v2\/tags?post=59116"}],"curies":[{"name":"wp","href":"https:\/\/api.w.org\/{rel}","templated":true}]}}