{"id":59113,"date":"2020-03-17T12:20:55","date_gmt":"2020-03-17T15:20:55","guid":{"rendered":"https:\/\/www.actualidadadiario.com\/?p=59113"},"modified":"2020-03-17T12:20:55","modified_gmt":"2020-03-17T15:20:55","slug":"gobernadores-apuran-fondos-extra-para-enfrentar-coronavirus","status":"publish","type":"post","link":"https:\/\/www.actualidadadiario.com\/index.php\/2020\/03\/17\/gobernadores-apuran-fondos-extra-para-enfrentar-coronavirus\/","title":{"rendered":"Gobernadores apuran fondos extra para enfrentar coronavirus"},"content":{"rendered":"<p style=\"text-align: center;\"><em><strong>El coronavirus mut\u00f3 las urgencias de la agenda de los mandatarios, que ya afilan la reprogramaci\u00f3n de gastos v\u00eda administrativa o por ley y gestionan fondos adicionales ante la Casa Rosada. Oposici\u00f3n presiona por financiamiento<\/strong><\/em><\/p>\n<p>&nbsp;<\/p>\n<p>Forzados por los tiempos que les impone el avance del coronavirus, los gobernadores se vieron obligados a colocar al tope de sus agendas el combate contra el flagelo. Un reacomodamiento que deriva por estas horas en otra urgencia inevitable: la de garantizar fondos extra para blindar, en tiempos de arcas exigidas, las medidas provinciales contra el Covid-19.<\/p>\n<p>Ese escenario incluye -entre otros ejes- la reasignaci\u00f3n contra reloj de partidas locales y el pedido de recursos adicionales al Gobierno de Alberto Fern\u00e1ndez.<\/p>\n<p>Pero adem\u00e1s brotan movidas desde filas opositoras. En tierra bonaerense, por caso, el bloque de Juntos por el Cambio present\u00f3 un proyecto en pos de la creaci\u00f3n de \u201cun fondo especial de salud\u201d por \u201cla creciente cantidad de casos confirmados en la Provincia de dengue, coronavirus y sarampi\u00f3n\u201d.<\/p>\n<p>\u201cCreemos que es imprescindible que el gobernador (Axel Kicillof) destine recursos especiales como ya lo han hecho otras provincias, inclusive con menos casos\u201d, dijo el legislador Juan Fiorini, quien rubric\u00f3 el proyecto.<\/p>\n<p>Con este tel\u00f3n de fondo, en C\u00f3rdoba el gobernador Juan Schiaretti encabez\u00f3 ayer un encuentro del Comit\u00e9 de Acci\u00f3n Sanitaria.<\/p>\n<p>All\u00ed el mandatario peronista (Hacemos por C\u00f3rdoba) increment\u00f3 a $1.200 millones el fondo espec\u00edfico, que inicialmente fue de $500 millones, para enfrentar los nuevos desaf\u00edos que impone este escenario<\/p>\n<p>A la mesa se sentaron el ministro de Salud provincial, Diego Cardozo; su par de la cartera de Coordinaci\u00f3n, Silvina Rivero; la secretaria de Empleo y Familia, Laura Jure y el titular del Instituto de Investigaci\u00f3n y Planificaci\u00f3n Sanitaria, Rodolfo Rodr\u00edguez.<\/p>\n<p>En el encuentro adem\u00e1s se analiz\u00f3 la organizaci\u00f3n del nuevo sistema sanitario provincial en el marco de las medidas llevadas adelante por el virus, y el reordenamiento de la atenci\u00f3n a la demanda que habitualmente tienen los centros de salud.<\/p>\n<p>En Catamarca, en tanto, el mandatario justicialista Ra\u00fal Jalil anticip\u00f3 que enviar\u00e1 a la Legislatura un proyecto de ley para conseguir el aval parlamentario a \u201cun gasto extraordinario\u201d.<\/p>\n<p>\u201cVamos a enviar una ley para tener un presupuesto por un gasto extraordinario\u201d, dijo Jalil, quien se encuentra transitando un aislamiento preventivo producto de su reciente viaje institucional a Canad\u00e1 para participar de una feria minera. La letra chica del proyecto depender\u00e1 de las medidas que termine de oficializar en las pr\u00f3ximas horas la Casa Rosada.<\/p>\n<p>El distrito enfrenta adem\u00e1s otra preocupaci\u00f3n sanitaria: el embate del dengue, que mantiene a Jalil en comunicaci\u00f3n permanente con los intendentes catamarque\u00f1os y con sus pares de Tucum\u00e1n, Juan Manzur, y de La Rioja, Ricardo Quintela.<\/p>\n<p>Por su parte, el peronista chaque\u00f1o Jorge Capitanich mantuvo un encuentro el pasado viernes con el jefe de Gabinete, Santiago Cafiero, para analizar los alcances del Decreto de Necesidad y Urgencia rubricado el jueves por Alberto Fern\u00e1ndez para hacerle frente al coronavirus.<\/p>\n<p>\u201cTrabajamos sobre la instrumentaci\u00f3n del decreto dictado por el Presidente; inform\u00e9 con detalle los casos que tenemos en la provincia, avanzamos en todas las acciones preventivas y tambi\u00e9n con la ejecuci\u00f3n de la parte proporcional de presupuesto que corresponde a las provincias afectadas por el coronavirus\u201d, precis\u00f3 Capitanich.<\/p>\n<p>Chaco contaba ayer con siete casos de coronavirus y el segundo fallecido del pa\u00eds.<\/p>\n<p>La avanzada de los gobernadores en materia de fondos se enmarca en las primeras medidas ya adoptadas por los mandatarios, en sinton\u00eda con los lineamientos que emanan de la administraci\u00f3n de Alberto Fern\u00e1ndez.<\/p>\n<p>La estrategia incluye la declaraci\u00f3n de emergencias sanitarias, la suspensi\u00f3n de eventos masivos, cuarentenas obligatorias para quienes retornen de pa\u00edses con circulaci\u00f3n libre del virus y la postergaci\u00f3n del dictado de clases, entre otras medidas.<\/p>\n<p>En algunas de esas avanzadas se adelantaron incluso a los anuncios del Gobierno nacional. Por caso, las provincias de Jujuy, Misiones y La Rioja dictaron la suspensi\u00f3n de clases antes de la confirmaci\u00f3n de termin\u00f3 de emanar en el atardecer del domingo de la cartera educativa que conduce Nicol\u00e1s Trotta.<\/p>\n","protected":false},"excerpt":{"rendered":"<p>El coronavirus mut\u00f3 las urgencias de la agenda de los mandatarios, que ya afilan la reprogramaci\u00f3n de gastos v\u00eda administrativa o por ley y gestionan fondos adicionales ante la Casa Rosada. Oposici\u00f3n presiona por financiamiento &nbsp; Forzados por los tiempos que les impone el avance del coronavirus, los gobernadores se vieron obligados a colocar al tope de sus agendas el combate contra el flagelo. Un reacomodamiento que deriva por estas horas en otra urgencia inevitable: la de garantizar fondos extra para blindar, en tiempos de arcas exigidas, las medidas provinciales&#8230;<\/p>\n","protected":false},"author":3,"featured_media":59114,"comment_status":"closed","ping_status":"closed","sticky":false,"template":"","format":"standard","meta":[],"categories":[18],"tags":[],"_links":{"self":[{"href":"https:\/\/www.actualidadadiario.com\/index.php\/wp-json\/wp\/v2\/posts\/59113"}],"collection":[{"href":"https:\/\/www.actualidadadiario.com\/index.php\/wp-json\/wp\/v2\/posts"}],"about":[{"href":"https:\/\/www.actualidadadiario.com\/index.php\/wp-json\/wp\/v2\/types\/post"}],"author":[{"embeddable":true,"href":"https:\/\/www.actualidadadiario.com\/index.php\/wp-json\/wp\/v2\/users\/3"}],"replies":[{"embeddable":true,"href":"https:\/\/www.actualidadadiario.com\/index.php\/wp-json\/wp\/v2\/comments?post=59113"}],"version-history":[{"count":1,"href":"https:\/\/www.actualidadadiario.com\/index.php\/wp-json\/wp\/v2\/posts\/59113\/revisions"}],"predecessor-version":[{"id":59115,"href":"https:\/\/www.actualidadadiario.com\/index.php\/wp-json\/wp\/v2\/posts\/59113\/revisions\/59115"}],"wp:featuredmedia":[{"embeddable":true,"href":"https:\/\/www.actualidadadiario.com\/index.php\/wp-json\/wp\/v2\/media\/59114"}],"wp:attachment":[{"href":"https:\/\/www.actualidadadiario.com\/index.php\/wp-json\/wp\/v2\/media?parent=59113"}],"wp:term":[{"taxonomy":"category","embeddable":true,"href":"https:\/\/www.actualidadadiario.com\/index.php\/wp-json\/wp\/v2\/categories?post=59113"},{"taxonomy":"post_tag","embeddable":true,"href":"https:\/\/www.actualidadadiario.com\/index.php\/wp-json\/wp\/v2\/tags?post=59113"}],"curies":[{"name":"wp","href":"https:\/\/api.w.org\/{rel}","templated":true}]}}