{"id":59111,"date":"2020-03-17T12:20:11","date_gmt":"2020-03-17T15:20:11","guid":{"rendered":"https:\/\/www.actualidadadiario.com\/?p=59111"},"modified":"2020-03-17T12:20:11","modified_gmt":"2020-03-17T15:20:11","slug":"la-corte-declaro-una-feria-judicial-extraordinaria-en-todo-el-pais-hasta-fin-de-marzo-por-el-coronavirus","status":"publish","type":"post","link":"https:\/\/www.actualidadadiario.com\/index.php\/2020\/03\/17\/la-corte-declaro-una-feria-judicial-extraordinaria-en-todo-el-pais-hasta-fin-de-marzo-por-el-coronavirus\/","title":{"rendered":"La Corte declar\u00f3 una &#8220;feria judicial extraordinaria&#8221; en todo el pa\u00eds hasta fin de marzo por el coronavirus"},"content":{"rendered":"<p style=\"text-align: center;\"><em><strong>El m\u00e1ximo tribunal tom\u00f3 la decisi\u00f3n de declarar una feria judicial extraordinaria ante el brote de coronavirus. Ser\u00e1 para todos los juzgados del pa\u00eds, luego de presiones por parte de autoridades provinciales judiciales y de gremios<\/strong><\/em><\/p>\n<p>&nbsp;<\/p>\n<p>&nbsp;<\/p>\n<p>A trav\u00e9s de una acordada, los miembros de la Corte Suprema de Justicia dispusieron este lunes por la tarde la \u201cferia judicial extraordinaria\u201d hasta el 31 de marzo en todo el pa\u00eds. De esta manera, ordenaron declarar como &#8220;inh\u00e1biles&#8221; los d\u00edas quedan del mes, con el fin de responder a la pandemia del coronavirus y acompa\u00f1ar las medidas ordenadas por el Ministerio de Salud de la Naci\u00f3n. Previamente, el m\u00e1ximo tribunal de la Provincia de Buenos Aires declar\u00f3 asueto.<\/p>\n<p>La decisi\u00f3n del m\u00e1ximo tribunal llega luego de recibir sendas presiones por parte de las autoridades judiciales provinciales y de gremios de convocar al paro en caso de que no se avanzara con la feria.<\/p>\n<p>Mediante la acordada difundida esta tarde, los jueces integrantes del m\u00e1ximo tribunal consideraron declarar la feria judicial extraordinaria debido a \u201crazones de salud p\u00fablica\u201d originadas \u201cen la \u201cpropagaci\u00f3n a nivel mundial, regional y local de distintos casos de coronavirus (Covid-19)\u201d.<\/p>\n<p>Estas causales llevaron a los miembros de la Corte a dictar \u201clos actos necesarios para acompa\u00f1ar las medidas dispuestas por el Ministerio de Salud de la Naci\u00f3n, con el fin de preservar la salud del personal del Poder Judicial de la Naci\u00f3n como as\u00ed tambi\u00e9n la de todas aquellas personas que concurran los tribunales dependencias que lo integran de forma de contribuir, adem\u00e1s, con la contenci\u00f3n de la propagaci\u00f3n de la infecci\u00f3n por coronavirus\u201d.<\/p>\n<p>Adem\u00e1s, en raz\u00f3n de lo dispuesto y con el fin de lograr una menor afluencia en los tribunales, la Corte eximi\u00f3 la exigencia de presentar en soporte material las presentaciones de las causas permitiendo que estas se realicen \u201cexclusivamente en formato digital, con firma electr\u00f3nica\u201d.<\/p>\n<p>A trav\u00e9s de la acordada N\u00b0 4\/ 2020 difundida esta tarde, la Corte dispuso tambi\u00e9n el uso de los Fondos Antic\u00edclicos con el fin de &#8220;equilibrar los recursos en el tiempo y garantizar un nivel adecuado de prestaciones jurisdiccionales&#8221;. Estos fondos fueron creados para con el fin de utilizarlos &#8220;ante la reducci\u00f3n de los recursos previstos y en situaciones excepcionales o no contempladas que impidan el cumplimiento de los objetivos de Ia jurisdicci\u00f3n&#8221;.<\/p>\n<p>Por otro lado, la Corte orden\u00f3 garantizar una prestaci\u00f3n m\u00ednima durante el plazo establecido &#8211; 16 a 31 de marzo &#8211; &#8220;debiendo cubrirse prioritariamente con los magistrados y\/o funcionarios de las dependencias respectivas que no se encuentren dentro de los grupos de riesgo&#8221;.<\/p>\n<p>El texto firmado por los miembros del m\u00e1ximo tribunal considera como &#8220;de riesgo&#8221; a \u201caquellos magistrados, funcionarios empleados mayores de 65 a\u00f1os que padezcan enfermedades que los hagan m\u00e1s vulnerables al virus COVID-19, conforme los criterios determinados por las autoridades sanitarias nacionales, mujeres embarazadas, por un plazo inicial de 14 d\u00edas corridos, sujeto la evoluci\u00f3n\u201d. Para aquellos casos dispuso la aplicaci\u00f3n en el \u00e1mbito del Poder Judicial de la Naci\u00f3n &#8220;de una licencia excepcional, con goce de haberes, para todos&#8221;.<\/p>\n<p>A su vez, dispuso \u201csuspender la atenci\u00f3n al p\u00fablico salvo para las actuaciones procesales en las que resulte indispensable la presencia de los letrados y\/o las partes\u201d.<\/p>\n<p>En igual sentido que los m\u00e1ximos tribunales de la Naci\u00f3n y de la provincia de Buenos Aires, el Poder Judicial de Jujuy orden\u00f3 suspender la actividad judicial y otorg\u00f3 dos d\u00edas de asueto administrativo, con el fin reducir los casos de coronavirus.<\/p>\n","protected":false},"excerpt":{"rendered":"<p>El m\u00e1ximo tribunal tom\u00f3 la decisi\u00f3n de declarar una feria judicial extraordinaria ante el brote de coronavirus. Ser\u00e1 para todos los juzgados del pa\u00eds, luego de presiones por parte de autoridades provinciales judiciales y de gremios &nbsp; &nbsp; A trav\u00e9s de una acordada, los miembros de la Corte Suprema de Justicia dispusieron este lunes por la tarde la \u201cferia judicial extraordinaria\u201d hasta el 31 de marzo en todo el pa\u00eds. De esta manera, ordenaron declarar como &#8220;inh\u00e1biles&#8221; los d\u00edas quedan del mes, con el fin de responder a la pandemia&#8230;<\/p>\n","protected":false},"author":3,"featured_media":52795,"comment_status":"closed","ping_status":"closed","sticky":false,"template":"","format":"standard","meta":[],"categories":[18],"tags":[],"_links":{"self":[{"href":"https:\/\/www.actualidadadiario.com\/index.php\/wp-json\/wp\/v2\/posts\/59111"}],"collection":[{"href":"https:\/\/www.actualidadadiario.com\/index.php\/wp-json\/wp\/v2\/posts"}],"about":[{"href":"https:\/\/www.actualidadadiario.com\/index.php\/wp-json\/wp\/v2\/types\/post"}],"author":[{"embeddable":true,"href":"https:\/\/www.actualidadadiario.com\/index.php\/wp-json\/wp\/v2\/users\/3"}],"replies":[{"embeddable":true,"href":"https:\/\/www.actualidadadiario.com\/index.php\/wp-json\/wp\/v2\/comments?post=59111"}],"version-history":[{"count":1,"href":"https:\/\/www.actualidadadiario.com\/index.php\/wp-json\/wp\/v2\/posts\/59111\/revisions"}],"predecessor-version":[{"id":59112,"href":"https:\/\/www.actualidadadiario.com\/index.php\/wp-json\/wp\/v2\/posts\/59111\/revisions\/59112"}],"wp:featuredmedia":[{"embeddable":true,"href":"https:\/\/www.actualidadadiario.com\/index.php\/wp-json\/wp\/v2\/media\/52795"}],"wp:attachment":[{"href":"https:\/\/www.actualidadadiario.com\/index.php\/wp-json\/wp\/v2\/media?parent=59111"}],"wp:term":[{"taxonomy":"category","embeddable":true,"href":"https:\/\/www.actualidadadiario.com\/index.php\/wp-json\/wp\/v2\/categories?post=59111"},{"taxonomy":"post_tag","embeddable":true,"href":"https:\/\/www.actualidadadiario.com\/index.php\/wp-json\/wp\/v2\/tags?post=59111"}],"curies":[{"name":"wp","href":"https:\/\/api.w.org\/{rel}","templated":true}]}}