{"id":59105,"date":"2020-03-17T12:18:37","date_gmt":"2020-03-17T15:18:37","guid":{"rendered":"https:\/\/www.actualidadadiario.com\/?p=59105"},"modified":"2020-03-17T12:18:37","modified_gmt":"2020-03-17T15:18:37","slug":"el-gobierno-insta-a-las-provincias-municipios-y-empresarios-privados-a-que-faciliten-el-trabajo-a-domicilio","status":"publish","type":"post","link":"https:\/\/www.actualidadadiario.com\/index.php\/2020\/03\/17\/el-gobierno-insta-a-las-provincias-municipios-y-empresarios-privados-a-que-faciliten-el-trabajo-a-domicilio\/","title":{"rendered":"El Gobierno insta a las provincias, municipios y empresarios privados a que faciliten el trabajo a domicilio"},"content":{"rendered":"<p style=\"text-align: center;\"><em><strong>Junto a la Secretaria de Gesti\u00f3n y Empleo P\u00fablico Nacional, Ana Castellani, el ministro de Trabajo de la Naci\u00f3n, ratificaron anuncios en relaci\u00f3n a licencias laborales<\/strong><\/em><\/p>\n<p>&nbsp;<\/p>\n<p>&nbsp;<\/p>\n<p>Tras una extensa reuni\u00f3n general en Casa Rosada encabezada por el presidente Alberto Fern\u00e1ndez, el ministro de Trabajo, Claudio Moroni, y la Secretaria de Gesti\u00f3n y Empleo P\u00fablico de la Naci\u00f3n, Ana Castellani, ratificaron medidas transitorias en relaci\u00f3n a licencias laborales.<\/p>\n<p>Una s\u00edntesis de las resoluciones sobre licencias para empleados p\u00fablicos y privados con modalidad de trabajo a distancia son las siguientes:<\/p>\n<p>&#8212; Se autoriza a todos los agentes del sector p\u00fablico nacional a no concurrir al lugar de trabajo. Podr\u00e1n trabajar desde sus domicilios en cualquiera de las modalidades de contrataci\u00f3n.<\/p>\n<p>&#8212; No est\u00e1n exceptuados los agentes del sector p\u00fablico que presten servicios esenciales seg\u00fan lo determinen las autoridades de cada jurisdicci\u00f3n y que no puedan ser realizados desde sus domicilios.<\/p>\n<p>&#8212; Se otorgan licencias a todos los agentes del sector p\u00fablico y privado que tengan hijos menores escolarizados. En este caso, la licencia se otorga a uno de los padres y\/o tutores.<\/p>\n<p>&#8212; Embarazadas, mayores de 60 y grupos de riesgo de los sectores p\u00fablico y privado quedan liberados de concurrir a su lugar de trabajo.<\/p>\n<p>&#8212; Los mayores de 60 que cumplan servicios esenciales deber\u00e1n concurrir a su lugar de trabajo.<\/p>\n<p>&#8212; Todo el personal del servicio p\u00fablico y privado de salud se considera servicio esencial. Embarazadas y grupos de riesgo con enfermedades cr\u00f3nicas nunca podr\u00e1n ser considerados personal esencial.<\/p>\n<p>&#8212; Se recomienda a las empresas del sector privado que trabajen con la m\u00ednima cantidad de empleados. Y que adopten medidas para trabajar a distancia.<\/p>\n<p>&#8212; Se insta a todos los niveles gubernamentales, provinciales y municipales, a sumarse a estas medidas<\/p>\n<p>&nbsp;<\/p>\n<p><strong>Los anuncios<\/strong><\/p>\n<p>Tras las licencias transitorias difundidas en los \u00faltimos d\u00edas, Moroni inform\u00f3 que el ministerio de Salud \u201cconsider\u00f3 necesario ampliar ese universo de trabajo que vamos a dispensar del deber de asistencia a los mayores de 60 a\u00f1os, a las trabajadoras embarazadas, y a una serie de trabajadores con determinadas afecciones cr\u00f3nicas, que ustedes van a ver en la resoluci\u00f3n\u201d, que incluyen enfermedades cr\u00f3nicas, card\u00edacas, pulmonares, EPOC, entre otras.<\/p>\n<p>\u201cEn el caso de los mayores de 60 a\u00f1os, esta dispensa podr\u00e1 ser afectada en caso de que se considere que es personal esencial. Se aclara espec\u00edficamente que hay un sector de la actividad actual que se considera todo personal esencial, que es el sector salud\u2026no as\u00ed las embarazadas y los afectados por enfermedades cr\u00f3nicas nunca pueden ser considerados personal esencial\u201d. \u201cRepetimos: Si est\u00e1n dadas las condiciones para que un trabajador trabaje en su hogar, debe fijar las condiciones con su empleador para poder hacerlo. No hay afectaci\u00f3n del derecho de remuneraci\u00f3n. De modo tal que, lo que estamos diciendo es que, si las tareas pueden realizarse desde el hogar, que efectivamente se hagan (as\u00ed)\u201d.<\/p>\n<p>\u201cIncorporamos tambi\u00e9n, que nos consultaban, qu\u00e9 suced\u00eda si alguno de los padres ten\u00eda que quedarse en guarda alguno de los padres o encargado de la custodia del menor que no asist\u00eda a clases. Establecemos que es una ausencia justificada y que lo \u00fanico que tiene que hacer es comunicar a su empleador los detalles de la situaci\u00f3n\u201d. \u201cEstamos recomendando a los empleadores privados que adopten las medidas necesarias para disminuir la presencia de trabajadores y trabajadoras en los establecimientos a aquellos indispensables para que el establecimiento funcione. Y que adopten medidas para que estos trabadores que se dispensan del lugar de trabajo puedan hacer el trabajo a distancia\u201d.<\/p>\n<p>Castellani, por su parte, se\u00f1al\u00f3: &#8220;Ampliamos la dispensa de asistir al lugar de trabajo en todo el sector p\u00fablico nacional a aquellas personas que se encuentran comprendidas en los grupos de riesgo, comprendidas por el ministerio de Salud, embarazadas y personas mayores de 60 a\u00f1os, en todas las modalidades del sector p\u00fablico nacional, en todas las jurisdicciones. Adem\u00e1s sostenemos la licencia para el cuidado de hijos escolarizados en todos los niveles de escolaridad durante los 14 d\u00edas, para el cuidado de estas personas\u201d. Adem\u00e1s, la funcionaria adelant\u00f3 que se insta a todos los niveles gubernamentales, provinciales y municipales, a sumarse a estas medidas. Castellani, por su parte, se\u00f1al\u00f3: &#8220;Ampliamos la dispensa de asistir al lugar de trabajo en todo el sector p\u00fablico nacional a aquellas personas que se encuentran comprendidas en los grupos de riesgo, comprendidas por el ministerio de Salud, embarazadas y personas mayores de 60 a\u00f1os, en todas las modalidades del sector p\u00fablico nacional, en todas las jurisdicciones. Adem\u00e1s sostenemos la licencia para el cuidado de hijos escolarizados en todos los niveles de escolaridad durante los 14 d\u00edas, para el cuidado de estas personas\u201d. Adem\u00e1s, la funcionaria adelant\u00f3 que se insta a todos los niveles gubernamentales, provinciales y municipales, a sumarse a estas medidas.<\/p>\n","protected":false},"excerpt":{"rendered":"<p>Junto a la Secretaria de Gesti\u00f3n y Empleo P\u00fablico Nacional, Ana Castellani, el ministro de Trabajo de la Naci\u00f3n, ratificaron anuncios en relaci\u00f3n a licencias laborales &nbsp; &nbsp; Tras una extensa reuni\u00f3n general en Casa Rosada encabezada por el presidente Alberto Fern\u00e1ndez, el ministro de Trabajo, Claudio Moroni, y la Secretaria de Gesti\u00f3n y Empleo P\u00fablico de la Naci\u00f3n, Ana Castellani, ratificaron medidas transitorias en relaci\u00f3n a licencias laborales. Una s\u00edntesis de las resoluciones sobre licencias para empleados p\u00fablicos y privados con modalidad de trabajo a distancia son las siguientes:&#8230;<\/p>\n","protected":false},"author":3,"featured_media":59106,"comment_status":"closed","ping_status":"closed","sticky":false,"template":"","format":"standard","meta":[],"categories":[18],"tags":[],"_links":{"self":[{"href":"https:\/\/www.actualidadadiario.com\/index.php\/wp-json\/wp\/v2\/posts\/59105"}],"collection":[{"href":"https:\/\/www.actualidadadiario.com\/index.php\/wp-json\/wp\/v2\/posts"}],"about":[{"href":"https:\/\/www.actualidadadiario.com\/index.php\/wp-json\/wp\/v2\/types\/post"}],"author":[{"embeddable":true,"href":"https:\/\/www.actualidadadiario.com\/index.php\/wp-json\/wp\/v2\/users\/3"}],"replies":[{"embeddable":true,"href":"https:\/\/www.actualidadadiario.com\/index.php\/wp-json\/wp\/v2\/comments?post=59105"}],"version-history":[{"count":1,"href":"https:\/\/www.actualidadadiario.com\/index.php\/wp-json\/wp\/v2\/posts\/59105\/revisions"}],"predecessor-version":[{"id":59107,"href":"https:\/\/www.actualidadadiario.com\/index.php\/wp-json\/wp\/v2\/posts\/59105\/revisions\/59107"}],"wp:featuredmedia":[{"embeddable":true,"href":"https:\/\/www.actualidadadiario.com\/index.php\/wp-json\/wp\/v2\/media\/59106"}],"wp:attachment":[{"href":"https:\/\/www.actualidadadiario.com\/index.php\/wp-json\/wp\/v2\/media?parent=59105"}],"wp:term":[{"taxonomy":"category","embeddable":true,"href":"https:\/\/www.actualidadadiario.com\/index.php\/wp-json\/wp\/v2\/categories?post=59105"},{"taxonomy":"post_tag","embeddable":true,"href":"https:\/\/www.actualidadadiario.com\/index.php\/wp-json\/wp\/v2\/tags?post=59105"}],"curies":[{"name":"wp","href":"https:\/\/api.w.org\/{rel}","templated":true}]}}