{"id":59099,"date":"2020-03-17T12:17:02","date_gmt":"2020-03-17T15:17:02","guid":{"rendered":"https:\/\/www.actualidadadiario.com\/?p=59099"},"modified":"2020-03-17T12:17:02","modified_gmt":"2020-03-17T15:17:02","slug":"el-gobierno-convoca-a-la-oposicion","status":"publish","type":"post","link":"https:\/\/www.actualidadadiario.com\/index.php\/2020\/03\/17\/el-gobierno-convoca-a-la-oposicion\/","title":{"rendered":"El Gobierno convoca a la oposici\u00f3n"},"content":{"rendered":"<p style=\"text-align: center;\"><em><strong>El Presidente recibir\u00e1 a la oposici\u00f3n para coordinar estrategias<\/strong><\/em><\/p>\n<p>&nbsp;<\/p>\n<p>En pos de coordinar estrategias para frenar el avance del coronavirus en el pa\u00eds, el presidente Alberto Fern\u00e1ndez convoc\u00f3 a los l\u00edderes de la oposici\u00f3n con representaci\u00f3n parlamentaria para mantener una reuni\u00f3n el mi\u00e9rcoles en Casa Rosada. En tanto, los dirigentes ser\u00e1n recibidos este martes por el presidente de la C\u00e1mara de Diputados, Sergio Massa.<\/p>\n<p>El Poder Ejecutivo decidi\u00f3 convocarlos luego de que varios referentes de distintos partidos se mostraran dispuestos a colaborar con el Gobierno en medio de la crisis sanitaria. Fern\u00e1ndez har\u00e1 un llamado a &#8220;pensar una estrategia conjunta&#8221; en el marco de la pandemia.<\/p>\n<p>Desde el PRO confirmaron que asistir\u00e1n a ambos encuentros. &#8220;Como oposici\u00f3n constructiva estaremos a la altura de las circunstancias participando de las convocatorias&#8221;, indicaron a trav\u00e9s de un comunicado. Los parlamentarios amarillos consideraron que &#8220;en esta emergencia sanitaria y econ\u00f3mica el di\u00e1logo nos ayudar\u00e1 a encontrar soluciones entre todos los sectores con responsabilidad institucional&#8221;.<\/p>\n<p>El macrismo y el Frente de Todos han demostrado sinton\u00eda en los \u00faltimos d\u00edas a partir de las medidas tomadas por el Gobierno nacional frente al avance del coronavirus. El jefe de Gobierno porte\u00f1o Horacio Rodr\u00edguez Larreta ha participado de todos los encuentros de alto nivel para coordinar la asistencia sanitaria. La Ciudad de Buenos Aires es el distrito que concentra m\u00e1s de la mitad de los ciudadanos contagiados.<\/p>\n","protected":false},"excerpt":{"rendered":"<p>El Presidente recibir\u00e1 a la oposici\u00f3n para coordinar estrategias &nbsp; En pos de coordinar estrategias para frenar el avance del coronavirus en el pa\u00eds, el presidente Alberto Fern\u00e1ndez convoc\u00f3 a los l\u00edderes de la oposici\u00f3n con representaci\u00f3n parlamentaria para mantener una reuni\u00f3n el mi\u00e9rcoles en Casa Rosada. En tanto, los dirigentes ser\u00e1n recibidos este martes por el presidente de la C\u00e1mara de Diputados, Sergio Massa. El Poder Ejecutivo decidi\u00f3 convocarlos luego de que varios referentes de distintos partidos se mostraran dispuestos a colaborar con el Gobierno en medio de la&#8230;<\/p>\n","protected":false},"author":3,"featured_media":59100,"comment_status":"closed","ping_status":"closed","sticky":false,"template":"","format":"standard","meta":[],"categories":[9],"tags":[],"_links":{"self":[{"href":"https:\/\/www.actualidadadiario.com\/index.php\/wp-json\/wp\/v2\/posts\/59099"}],"collection":[{"href":"https:\/\/www.actualidadadiario.com\/index.php\/wp-json\/wp\/v2\/posts"}],"about":[{"href":"https:\/\/www.actualidadadiario.com\/index.php\/wp-json\/wp\/v2\/types\/post"}],"author":[{"embeddable":true,"href":"https:\/\/www.actualidadadiario.com\/index.php\/wp-json\/wp\/v2\/users\/3"}],"replies":[{"embeddable":true,"href":"https:\/\/www.actualidadadiario.com\/index.php\/wp-json\/wp\/v2\/comments?post=59099"}],"version-history":[{"count":1,"href":"https:\/\/www.actualidadadiario.com\/index.php\/wp-json\/wp\/v2\/posts\/59099\/revisions"}],"predecessor-version":[{"id":59101,"href":"https:\/\/www.actualidadadiario.com\/index.php\/wp-json\/wp\/v2\/posts\/59099\/revisions\/59101"}],"wp:featuredmedia":[{"embeddable":true,"href":"https:\/\/www.actualidadadiario.com\/index.php\/wp-json\/wp\/v2\/media\/59100"}],"wp:attachment":[{"href":"https:\/\/www.actualidadadiario.com\/index.php\/wp-json\/wp\/v2\/media?parent=59099"}],"wp:term":[{"taxonomy":"category","embeddable":true,"href":"https:\/\/www.actualidadadiario.com\/index.php\/wp-json\/wp\/v2\/categories?post=59099"},{"taxonomy":"post_tag","embeddable":true,"href":"https:\/\/www.actualidadadiario.com\/index.php\/wp-json\/wp\/v2\/tags?post=59099"}],"curies":[{"name":"wp","href":"https:\/\/api.w.org\/{rel}","templated":true}]}}