{"id":59095,"date":"2020-03-17T11:38:04","date_gmt":"2020-03-17T14:38:04","guid":{"rendered":"https:\/\/www.actualidadadiario.com\/?p=59095"},"modified":"2020-03-17T11:38:04","modified_gmt":"2020-03-17T14:38:04","slug":"industria-de-alimentos-y-bebidas-aseguran-que-no-habra-desabastecimiento","status":"publish","type":"post","link":"https:\/\/www.actualidadadiario.com\/index.php\/2020\/03\/17\/industria-de-alimentos-y-bebidas-aseguran-que-no-habra-desabastecimiento\/","title":{"rendered":"Industria de alimentos y bebidas aseguran que no habr\u00e1 desabastecimiento"},"content":{"rendered":"<p style=\"text-align: center;\"><em><strong>Luego de un almuerzo mantenido con la secretaria de Comercio Interior, Paula Espa\u00f1ol, la industria de alimentos y bebidas ratific\u00f3 su compromiso con el abastecimiento, frente al actual escenario presentado por la pandemia de coronavirus<\/strong><\/em><\/p>\n<p>&nbsp;<\/p>\n<p>Mediante un comunicado, la Coordinadora de las Industrias de Productos Alimenticios (COPAL) y sus 37 c\u00e1maras sectoriales asociadas, reafirmaron su compromiso de colaboraci\u00f3n con las autoridades, en el abastecimiento de alimentos y bebidas. &#8220;Copal entiende que en momentos donde se requiere la colaboraci\u00f3n de todos los actores sociales, el sector representado por esta entidad puede colaborar llevando calma a la sociedad&#8221;, expres\u00f3 la entidad.<\/p>\n<p>Luego de ello, inform\u00f3 &#8220;que se cuenta con capacidad de producci\u00f3n suficiente de alimentos y bebidas para proveer al pa\u00eds. Es importante que no prime la ansiedad para continuar con un normal abastecimiento. En consecuencia, las empresas de la industria de alimentos y bebidas apelan a la responsabilidad de la sociedad a la hora de realizar sus compras y que acaten todas las recomendaciones de las autoridades sanitarias para poder contener con \u00e9xito la propagaci\u00f3n del virus&#8221;.<\/p>\n<p>Seg\u00fan expres\u00f3 el titular de Copal, Daniel Funes de Rioja, &#8220;la reuni\u00f3n ya estaba prevista para analizar la evoluci\u00f3n del programa Precios Cuidados&#8221;.<\/p>\n","protected":false},"excerpt":{"rendered":"<p>Luego de un almuerzo mantenido con la secretaria de Comercio Interior, Paula Espa\u00f1ol, la industria de alimentos y bebidas ratific\u00f3 su compromiso con el abastecimiento, frente al actual escenario presentado por la pandemia de coronavirus &nbsp; Mediante un comunicado, la Coordinadora de las Industrias de Productos Alimenticios (COPAL) y sus 37 c\u00e1maras sectoriales asociadas, reafirmaron su compromiso de colaboraci\u00f3n con las autoridades, en el abastecimiento de alimentos y bebidas. &#8220;Copal entiende que en momentos donde se requiere la colaboraci\u00f3n de todos los actores sociales, el sector representado por esta entidad&#8230;<\/p>\n","protected":false},"author":3,"featured_media":55744,"comment_status":"closed","ping_status":"closed","sticky":false,"template":"","format":"standard","meta":[],"categories":[2],"tags":[],"_links":{"self":[{"href":"https:\/\/www.actualidadadiario.com\/index.php\/wp-json\/wp\/v2\/posts\/59095"}],"collection":[{"href":"https:\/\/www.actualidadadiario.com\/index.php\/wp-json\/wp\/v2\/posts"}],"about":[{"href":"https:\/\/www.actualidadadiario.com\/index.php\/wp-json\/wp\/v2\/types\/post"}],"author":[{"embeddable":true,"href":"https:\/\/www.actualidadadiario.com\/index.php\/wp-json\/wp\/v2\/users\/3"}],"replies":[{"embeddable":true,"href":"https:\/\/www.actualidadadiario.com\/index.php\/wp-json\/wp\/v2\/comments?post=59095"}],"version-history":[{"count":1,"href":"https:\/\/www.actualidadadiario.com\/index.php\/wp-json\/wp\/v2\/posts\/59095\/revisions"}],"predecessor-version":[{"id":59096,"href":"https:\/\/www.actualidadadiario.com\/index.php\/wp-json\/wp\/v2\/posts\/59095\/revisions\/59096"}],"wp:featuredmedia":[{"embeddable":true,"href":"https:\/\/www.actualidadadiario.com\/index.php\/wp-json\/wp\/v2\/media\/55744"}],"wp:attachment":[{"href":"https:\/\/www.actualidadadiario.com\/index.php\/wp-json\/wp\/v2\/media?parent=59095"}],"wp:term":[{"taxonomy":"category","embeddable":true,"href":"https:\/\/www.actualidadadiario.com\/index.php\/wp-json\/wp\/v2\/categories?post=59095"},{"taxonomy":"post_tag","embeddable":true,"href":"https:\/\/www.actualidadadiario.com\/index.php\/wp-json\/wp\/v2\/tags?post=59095"}],"curies":[{"name":"wp","href":"https:\/\/api.w.org\/{rel}","templated":true}]}}