{"id":59089,"date":"2020-03-17T11:36:29","date_gmt":"2020-03-17T14:36:29","guid":{"rendered":"https:\/\/www.actualidadadiario.com\/?p=59089"},"modified":"2020-03-17T11:36:29","modified_gmt":"2020-03-17T14:36:29","slug":"el-gobierno-promulgo-la-ley-de-gondolas","status":"publish","type":"post","link":"https:\/\/www.actualidadadiario.com\/index.php\/2020\/03\/17\/el-gobierno-promulgo-la-ley-de-gondolas\/","title":{"rendered":"El Gobierno promulg\u00f3 la ley de G\u00f3ndolas"},"content":{"rendered":"<p style=\"text-align: center;\"><strong><em>La misma fue sancionada por el Congreso en la \u00faltima sesi\u00f3n extraordinaria de febrero. De este modo, mediante el decreto 268\/2020 publicado este martes en el Bolet\u00edn Oficial, formalizaron la aplicaci\u00f3n. El presidente Alberto Fern\u00e1ndez, el ministro de Producci\u00f3n, Mat\u00edas Kulfas y el jefe de Gabinete, Santiago Cafiero firmaron la norma<\/em><\/strong><\/p>\n<p>&nbsp;<\/p>\n<p>&nbsp;<\/p>\n<p>Esta normativa busca promover la competencia entre las grandes marcas y las pymes. En este sentido, revisa el hecho de que las grandes compa\u00f1\u00edas no llenan la g\u00f3ndola con sus productos. As\u00ed, la ley determina que \u201cel precio de los productos alimenticios, bebidas, de higiene y limpieza del hogar sea transparente y competitivo, en beneficio de los consumidores. Mantener la armon\u00eda y el equilibrio entre los operadores econ\u00f3micos alcanzados por la ley\u201d.<\/p>\n<p>La norma tambi\u00e9n destaca el hecho de ampliar la oferta de productos artesanales y\/o regionales nacionales producidos por las micro, peque\u00f1as y medianas empresas (Mipymes). Como as\u00ed tambi\u00e9n \u201cproteger su actuaci\u00f3n\u201d. Adem\u00e1s, entre las iniciativas promulgadas, el Gobierno incluy\u00f3 la oferta de productos del sector de la agricultura familiar. Seg\u00fan la ley, est\u00e1 prohibido generar una exclusi\u00f3n \u201canticompetitiva de proveedores por el alquiler de espacios de g\u00f3ndolas o locaciones virtuales\u201d. \u201cSer\u00e1 considerada una exclusi\u00f3n anticompetitiva el pago de c\u00e1nones y\/o comisiones impuestas que obliguen al proveedor a optar por un solo canal de distribuci\u00f3n\u201d, indica.<\/p>\n<p>Un producto de una marca no podr\u00e1 superar el 30% del espacio disponible en la g\u00f3ndola que comparte con art\u00edculos iguales o similares. La participaci\u00f3n deber\u00e1 involucrar a no menos de cinco proveedores o grupos empresarios. Adem\u00e1s, debe haber un m\u00ednimo de 50% de las mercader\u00edas de empresas pymes. Ser\u00e1 en todos los puntos de exhibici\u00f3n, sin contemplar la capacidad de provisi\u00f3n de las empresas.<\/p>\n<p>\u201cEn g\u00f3ndolas los productos de menor precio conforme la unidad de medida deber\u00e1n encontrarse a una altura equidistante entre el primero y \u00faltimo estante. En locaciones virtuales, deber\u00e1 garantizarse que los productos de menor precio conforme la unidad de medida se publiquen en la primera visualizaci\u00f3n de productos de la categor\u00eda en cuesti\u00f3n\u201d. Los locales tienen 120 d\u00edas corridos para implementar las medidas.<\/p>\n","protected":false},"excerpt":{"rendered":"<p>La misma fue sancionada por el Congreso en la \u00faltima sesi\u00f3n extraordinaria de febrero. De este modo, mediante el decreto 268\/2020 publicado este martes en el Bolet\u00edn Oficial, formalizaron la aplicaci\u00f3n. El presidente Alberto Fern\u00e1ndez, el ministro de Producci\u00f3n, Mat\u00edas Kulfas y el jefe de Gabinete, Santiago Cafiero firmaron la norma &nbsp; &nbsp; Esta normativa busca promover la competencia entre las grandes marcas y las pymes. En este sentido, revisa el hecho de que las grandes compa\u00f1\u00edas no llenan la g\u00f3ndola con sus productos. As\u00ed, la ley determina que \u201cel&#8230;<\/p>\n","protected":false},"author":3,"featured_media":59090,"comment_status":"closed","ping_status":"closed","sticky":false,"template":"","format":"standard","meta":[],"categories":[2],"tags":[],"_links":{"self":[{"href":"https:\/\/www.actualidadadiario.com\/index.php\/wp-json\/wp\/v2\/posts\/59089"}],"collection":[{"href":"https:\/\/www.actualidadadiario.com\/index.php\/wp-json\/wp\/v2\/posts"}],"about":[{"href":"https:\/\/www.actualidadadiario.com\/index.php\/wp-json\/wp\/v2\/types\/post"}],"author":[{"embeddable":true,"href":"https:\/\/www.actualidadadiario.com\/index.php\/wp-json\/wp\/v2\/users\/3"}],"replies":[{"embeddable":true,"href":"https:\/\/www.actualidadadiario.com\/index.php\/wp-json\/wp\/v2\/comments?post=59089"}],"version-history":[{"count":1,"href":"https:\/\/www.actualidadadiario.com\/index.php\/wp-json\/wp\/v2\/posts\/59089\/revisions"}],"predecessor-version":[{"id":59091,"href":"https:\/\/www.actualidadadiario.com\/index.php\/wp-json\/wp\/v2\/posts\/59089\/revisions\/59091"}],"wp:featuredmedia":[{"embeddable":true,"href":"https:\/\/www.actualidadadiario.com\/index.php\/wp-json\/wp\/v2\/media\/59090"}],"wp:attachment":[{"href":"https:\/\/www.actualidadadiario.com\/index.php\/wp-json\/wp\/v2\/media?parent=59089"}],"wp:term":[{"taxonomy":"category","embeddable":true,"href":"https:\/\/www.actualidadadiario.com\/index.php\/wp-json\/wp\/v2\/categories?post=59089"},{"taxonomy":"post_tag","embeddable":true,"href":"https:\/\/www.actualidadadiario.com\/index.php\/wp-json\/wp\/v2\/tags?post=59089"}],"curies":[{"name":"wp","href":"https:\/\/api.w.org\/{rel}","templated":true}]}}