{"id":59081,"date":"2020-03-17T11:33:01","date_gmt":"2020-03-17T14:33:01","guid":{"rendered":"https:\/\/www.actualidadadiario.com\/?p=59081"},"modified":"2020-03-17T11:33:01","modified_gmt":"2020-03-17T14:33:01","slug":"educacion-a-distancia-por-el-coronavirus-como-hace-cada-provincia","status":"publish","type":"post","link":"https:\/\/www.actualidadadiario.com\/index.php\/2020\/03\/17\/educacion-a-distancia-por-el-coronavirus-como-hace-cada-provincia\/","title":{"rendered":"Educaci\u00f3n a distancia por el coronavirus: c\u00f3mo hace cada provincia"},"content":{"rendered":"<p style=\"text-align: center;\"><em><strong>Mientras el ministerio nacional desarrolla la plataforma digital, las gobernaciones van definiendo de qu\u00e9 manera van a implementar la ense\u00f1anza. Mapa de los principales distritos<\/strong><\/em><\/p>\n<p>&nbsp;<\/p>\n<p>&nbsp;<\/p>\n<p>Tras la suspensi\u00f3n de clases para frenar el avance del coronavirus, el Gobierno puso en funcionamiento una plataforma online y la emisi\u00f3n de cuatro horas de contenido educativo por la TV P\u00fablica. Los recursos digitales para paliar la no concurrencia a las aulas estar\u00e1n en www.seguimoseducando.gob.ar. Para universalizar su uso, el gobierno acord\u00f3 con las empresas de telefon\u00eda que la navegaci\u00f3n por el sitio no consuma datos.<\/p>\n<p>El ministro de Educaci\u00f3n, Nicol\u00e1s Trotta, detall\u00f3 que la TV P\u00fablica tendr\u00e1 dos horas de programaci\u00f3n especial por la ma\u00f1ana con contenido pedag\u00f3gico para la escuela primaria el nivel inicial, y dos horas por la tarde para los secundarios. &#8220;Tenemos que acompa\u00f1ar las dos semanas que los chicos no van a estar asistiendo a clases y para eso tambi\u00e9n vamos a estar repartiendo material a las escuelas de zonas que no tienen Internet\u201d, adelant\u00f3. Sobre el modo de trabajo de los docentes, inform\u00f3 que el criterio es &#8220;que todos los maestros concurran a la escuela porque estos d\u00edas son importantes&#8221; ya que requieren &#8220;un desaf\u00edo pedag\u00f3gico particular&#8221;, algo que se &#8220;convers\u00f3 con distintas organizaciones sindicales docentes&#8221;.<\/p>\n<p>La plataforma digital fue presentada como una herramienta para el v\u00ednculo entre los docentes y sus estudiantes. En la conferencia de prensa para dar a conocer las medidas de apoyo pedag\u00f3gico durante la cuarentena, Trotta estuvo acompa\u00f1ado por el Secretario de Medios, Francisco Meritello, y los titulares del ENaCom, Claudio Ambrosini y de la Radio y Televisi\u00f3n Argentina, Rosario Lufrano.<\/p>\n<p>\u201cLes hemos pedido a las empresas la gratuidad para la navegaci\u00f3n de la p\u00e1gina. Desde todos los tel\u00e9fonos m\u00f3viles se va a poder navegar las horas necesarias para tomar los contenidos de la p\u00e1gina. Pero le pedimos a la poblaci\u00f3n en general que tenga un uso muy responsable ya que la cantidad de datos es limitada\u201d, explic\u00f3 Ambrosini.<\/p>\n<p>En el sistema argentino, las escuelas est\u00e1n a cargo de las provincias. Por eso, al mismo tiempo que el ministerio de Educaci\u00f3n de la Naci\u00f3n desarrolla la plataforma digital, las gobernaciones van definiendo de qu\u00e9 manera van a implementar, en cada distrito, la ense\u00f1anza a distancia mientras est\u00e9n suspendidas las clases presenciales. Hoy, no en todos los distritos los docentes tuvieron que presentarse en las escuelas, aunque s\u00ed se mantuvo el criterio de garantizar el funcionamiento de los comedores. En lo pedag\u00f3gico, la mayor\u00eda de los distritos adelantaron que imprimir\u00e1n cuadernillos con actividades a completar y organizar\u00e1n actividades v\u00eda web. Estos son los anuncios que se van haciendo en las provincias:<\/p>\n<p>*En el territorio bonaerense el mi\u00e9rcoles comenzar\u00e1 a funcionar una plataforma digital con materiales. La secretaria de Educaci\u00f3n, Claudia Bracchi, inform\u00f3 que la gobernaci\u00f3n adem\u00e1s imprimir\u00e1 cuadernillos para los alumnos que no tengan computadoras o acceso a internet, gu\u00edas de trabajo que van a estar ordenadas por nivel y por a\u00f1o.<\/p>\n<p>La idea es que los padres puedan acercarse a retirar estos cuadernillos, aunque tambi\u00e9n ser\u00e1n usados para su distribuci\u00f3n los veh\u00edculos que la provincia tiene para el transporte escolar en las zonas rurales.<\/p>\n<p>Sobre los comedores escolares, lo que se comunic\u00f3 este lunes a las escuelas fue que organicen varios turnos para que los chicos puedan seguir yendo a tomar el desayuno o el almuerzo, pero espaciados. La funcionaria se\u00f1al\u00f3 que est\u00e1n estudiando otras propuestas, pero que hoy la idea es \u00e9sta. Un mill\u00f3n 500 mil chicos comen en las escuelas bonaerenses, y en las pr\u00f3ximas semanas, en la medida en que el parate de las actividades afecte los ingresos de las familias, con m\u00e1s impacto sobre las que dependen m\u00e1s de trabajos informales, el servicio de los comedores escolares ser\u00e1n imprescindibles.<\/p>\n<p>&nbsp;<\/p>\n<p>*En la Ciudad de Buenos Aires, la ministra Soledad Acu\u00f1a sostuvo que el sistema educativo porte\u00f1o est\u00e1 preparado para utilizar el sistema de aula virtual. \u201cVamos a decirles (a los padres), cada semana, c\u00f3mo pueden ir acompa\u00f1ando a sus hijos con actividades que los ordenen\u201d, adelant\u00f3 en la conferencia de prensa del gobierno porte\u00f1o sobre las restricciones para frenar la circulaci\u00f3n del virus. Acu\u00f1a agreg\u00f3 que las escuelas en CABA cuentan con 300 mil libros de texto, de matem\u00e1ticas y lengua, para que los estudiantes \u201cse lleven a sus casas\u201d. El ministerio implementar\u00e1 una mesa de ayuda para los docentes.<\/p>\n<p>&nbsp;<\/p>\n<p>*En Santa Fe, los maestros tuvieron una modificaci\u00f3n de su horario de trabajo: estar\u00e1n en las escuelas de 9 a 12 y de 13.30 a 16.30 horas. En una conferencia de prensa en la que la provincia inform\u00f3 que hay 13 casos de personas con s\u00edntomas respiratorios en an\u00e1lisis, la ministra Adriana Cantero explic\u00f3 que el cambio fue definido para descomprimir el uso del transporte p\u00fablico en los horarios pico. De la misma manera, los estudiantes que concurren a los comedores van a ser distribuidos a lo largo de esas franjas. &#8220;En este momento no debemos suprimir la alimentaci\u00f3n de nuestros chicos, teniendo en cuenta que los comedores est\u00e1n ubicados en los sectores m\u00e1s vulnerables de la poblaci\u00f3n&#8221;, se\u00f1al\u00f3. Las instrucciones fueron distribuir la copa de leche -los que pueden se la llevar\u00e1n a su casa- y mantener el almuerzo presencial, pero con turnos e indicaciones \u201cpara que los chicos mantengan tambi\u00e9n el respeto de las normas de aislamiento&#8221;. Las actividades pedag\u00f3gicas se completar\u00e1n on line y con cartillas, y la tv difundir\u00e1 contenidos.<\/p>\n<p>&nbsp;<\/p>\n<p>*En La Rioja la suspensi\u00f3n de las clases se hab\u00eda adelantado. El s\u00e1bado hab\u00eda sido anunciado un parate por siete d\u00edas, porque en la provincia el problema del coronavirus se suma el dengue, que ahora se extendi\u00f3 a las dos semanas. Los docentes hoy no debieron concurrir a las escuelas. El ministro Ariel Mart\u00ednez dijo que se van a mantener guardias en los colegios y que cada docente deber\u00e1 hacer un seguimiento de su grupo de alumnos. La Rioja tiene una plataforma y est\u00e1 en conversaciones con otras provincias del norte para poner en com\u00fan los recursos digitales.<\/p>\n<p>\u201cNo sabemos por cu\u00e1ntos d\u00edas van a estar suspendidas las clases\u201d, remarc\u00f3 el ministro&#8221;. Por eso, es necesario que se establezca y mantenga una comunicaci\u00f3n estrecha entre los equipos t\u00e9cnicos, maestros, estudiantes, directores, supervisores para hacer llegar los contenidos\u201d. La gobernaci\u00f3n le pidi\u00f3 a los docentes que est\u00e9n a disposici\u00f3n para ser convocados, una vez que est\u00e9 definido c\u00f3mo implementar la ense\u00f1anza a distancia para cada grado o a\u00f1o.<\/p>\n<p>&nbsp;<\/p>\n<p>*En R\u00edo Negro, una directiva de un colegio privado fue diagnosticada con coronavirus, por lo que en ese establecimiento se suspendieron las clases. Se espera el resultado del an\u00e1lisis de un alumno de esa misma escuela que est\u00e1 en cuarentena. Como en otros distritos, el gobierno provincial suspendi\u00f3 las clases pero convoc\u00f3 a los docentes y no docentes a las escuelas. El diario de R\u00edo Negro inform\u00f3 que el sindicato que agrupa a los porteros de escuelas convoc\u00f3 a un paro en rechazo a esta determinaci\u00f3n, que consider\u00f3 que pone en peligro a los trabajadores.<\/p>\n","protected":false},"excerpt":{"rendered":"<p>Mientras el ministerio nacional desarrolla la plataforma digital, las gobernaciones van definiendo de qu\u00e9 manera van a implementar la ense\u00f1anza. Mapa de los principales distritos &nbsp; &nbsp; Tras la suspensi\u00f3n de clases para frenar el avance del coronavirus, el Gobierno puso en funcionamiento una plataforma online y la emisi\u00f3n de cuatro horas de contenido educativo por la TV P\u00fablica. Los recursos digitales para paliar la no concurrencia a las aulas estar\u00e1n en www.seguimoseducando.gob.ar. Para universalizar su uso, el gobierno acord\u00f3 con las empresas de telefon\u00eda que la navegaci\u00f3n por el&#8230;<\/p>\n","protected":false},"author":3,"featured_media":59082,"comment_status":"closed","ping_status":"closed","sticky":false,"template":"","format":"standard","meta":[],"categories":[9],"tags":[],"_links":{"self":[{"href":"https:\/\/www.actualidadadiario.com\/index.php\/wp-json\/wp\/v2\/posts\/59081"}],"collection":[{"href":"https:\/\/www.actualidadadiario.com\/index.php\/wp-json\/wp\/v2\/posts"}],"about":[{"href":"https:\/\/www.actualidadadiario.com\/index.php\/wp-json\/wp\/v2\/types\/post"}],"author":[{"embeddable":true,"href":"https:\/\/www.actualidadadiario.com\/index.php\/wp-json\/wp\/v2\/users\/3"}],"replies":[{"embeddable":true,"href":"https:\/\/www.actualidadadiario.com\/index.php\/wp-json\/wp\/v2\/comments?post=59081"}],"version-history":[{"count":1,"href":"https:\/\/www.actualidadadiario.com\/index.php\/wp-json\/wp\/v2\/posts\/59081\/revisions"}],"predecessor-version":[{"id":59083,"href":"https:\/\/www.actualidadadiario.com\/index.php\/wp-json\/wp\/v2\/posts\/59081\/revisions\/59083"}],"wp:featuredmedia":[{"embeddable":true,"href":"https:\/\/www.actualidadadiario.com\/index.php\/wp-json\/wp\/v2\/media\/59082"}],"wp:attachment":[{"href":"https:\/\/www.actualidadadiario.com\/index.php\/wp-json\/wp\/v2\/media?parent=59081"}],"wp:term":[{"taxonomy":"category","embeddable":true,"href":"https:\/\/www.actualidadadiario.com\/index.php\/wp-json\/wp\/v2\/categories?post=59081"},{"taxonomy":"post_tag","embeddable":true,"href":"https:\/\/www.actualidadadiario.com\/index.php\/wp-json\/wp\/v2\/tags?post=59081"}],"curies":[{"name":"wp","href":"https:\/\/api.w.org\/{rel}","templated":true}]}}