{"id":59076,"date":"2020-03-17T11:31:22","date_gmt":"2020-03-17T14:31:22","guid":{"rendered":"https:\/\/www.actualidadadiario.com\/?p=59076"},"modified":"2020-03-17T11:31:22","modified_gmt":"2020-03-17T14:31:22","slug":"el-cruce-fronterizo-de-salto-grande-se-encuentra-cerrado","status":"publish","type":"post","link":"https:\/\/www.actualidadadiario.com\/index.php\/2020\/03\/17\/el-cruce-fronterizo-de-salto-grande-se-encuentra-cerrado\/","title":{"rendered":"El cruce fronterizo de Salto Grande se encuentra cerrado"},"content":{"rendered":"<p style=\"text-align: center;\"><em><strong>Fuentes relacionadas al cruce de Salto Grande explicaron que, en la tarde\/noche del lunes, se recibi\u00f3 el correspondiente decreto y \u201crige el cierre de la frontera\u201d. El detalle y los alcances de la medida<\/strong><\/em><\/p>\n<p>&nbsp;<\/p>\n<p>\u201cSolamente podr\u00e1n ingresar los que sean argentinos y que est\u00e9n en el exterior; o extranjeros con residencia\u201d, agregaron. Subrayando adem\u00e1s que Uruguay formaliz\u00f3 una medida similar \u201cy en breve lo estar\u00e1n comunicando a las Delegaciones por escrito\u201d.<\/p>\n<p>&nbsp;<\/p>\n<p><strong>Decreto<\/strong><\/p>\n<p>En el documento, publicado este lunes \u2013 16 de marzo \u2013 en el Bolet\u00edn Oficial se puede leer la \u201cPROHIBICI\u00d3N DE INGRESO AL TERRITORIO NACIONAL\u201d, a trav\u00e9s del decreto 274\/2020.<\/p>\n<p>Entre la argumentaci\u00f3n se deja en claro que \u201catento la evoluci\u00f3n de la pandemia, y a los efectos de reducir las posibilidades de contagio, resulta imperioso minimizar el ingreso al territorio nacional de posibles casos de contagio potencial, a trav\u00e9s de los diversos puntos de acceso al pa\u00eds\u201d.<\/p>\n<p>En consecuencia, deviene necesario \u201cprohibir el ingreso de personas extranjeras no residentes en el pa\u00eds a trav\u00e9s de cualquier aeropuerto, puerto, paso internacional o centro de frontera, por el t\u00e9rmino de QUINCE (15) d\u00edas corridos\u201d.<\/p>\n<p>En el texto, queda establecido adem\u00e1s que \u201cel plazo previsto en el p\u00e1rrafo precedente podr\u00e1 ser ampliado o abreviado por el MINISTERIO DEL INTERIOR, previa intervenci\u00f3n de la autoridad sanitaria nacional, conforme a la evoluci\u00f3n de la situaci\u00f3n epidemiol\u00f3gica\u201d.<\/p>\n<p>Es la \u201cDIRECCION NACIONAL DE MIGRACIONES, organismo descentralizado actuante en la \u00f3rbita del MINISTERIO DEL INTERIOR, quien \u201cpodr\u00e1 establecer excepciones con el fin de atender circunstancias de necesidad\u201d, se puntualiza.<\/p>\n","protected":false},"excerpt":{"rendered":"<p>Fuentes relacionadas al cruce de Salto Grande explicaron que, en la tarde\/noche del lunes, se recibi\u00f3 el correspondiente decreto y \u201crige el cierre de la frontera\u201d. El detalle y los alcances de la medida &nbsp; \u201cSolamente podr\u00e1n ingresar los que sean argentinos y que est\u00e9n en el exterior; o extranjeros con residencia\u201d, agregaron. Subrayando adem\u00e1s que Uruguay formaliz\u00f3 una medida similar \u201cy en breve lo estar\u00e1n comunicando a las Delegaciones por escrito\u201d. &nbsp; Decreto En el documento, publicado este lunes \u2013 16 de marzo \u2013 en el Bolet\u00edn Oficial se&#8230;<\/p>\n","protected":false},"author":3,"featured_media":59077,"comment_status":"closed","ping_status":"closed","sticky":false,"template":"","format":"standard","meta":[],"categories":[15],"tags":[],"_links":{"self":[{"href":"https:\/\/www.actualidadadiario.com\/index.php\/wp-json\/wp\/v2\/posts\/59076"}],"collection":[{"href":"https:\/\/www.actualidadadiario.com\/index.php\/wp-json\/wp\/v2\/posts"}],"about":[{"href":"https:\/\/www.actualidadadiario.com\/index.php\/wp-json\/wp\/v2\/types\/post"}],"author":[{"embeddable":true,"href":"https:\/\/www.actualidadadiario.com\/index.php\/wp-json\/wp\/v2\/users\/3"}],"replies":[{"embeddable":true,"href":"https:\/\/www.actualidadadiario.com\/index.php\/wp-json\/wp\/v2\/comments?post=59076"}],"version-history":[{"count":1,"href":"https:\/\/www.actualidadadiario.com\/index.php\/wp-json\/wp\/v2\/posts\/59076\/revisions"}],"predecessor-version":[{"id":59078,"href":"https:\/\/www.actualidadadiario.com\/index.php\/wp-json\/wp\/v2\/posts\/59076\/revisions\/59078"}],"wp:featuredmedia":[{"embeddable":true,"href":"https:\/\/www.actualidadadiario.com\/index.php\/wp-json\/wp\/v2\/media\/59077"}],"wp:attachment":[{"href":"https:\/\/www.actualidadadiario.com\/index.php\/wp-json\/wp\/v2\/media?parent=59076"}],"wp:term":[{"taxonomy":"category","embeddable":true,"href":"https:\/\/www.actualidadadiario.com\/index.php\/wp-json\/wp\/v2\/categories?post=59076"},{"taxonomy":"post_tag","embeddable":true,"href":"https:\/\/www.actualidadadiario.com\/index.php\/wp-json\/wp\/v2\/tags?post=59076"}],"curies":[{"name":"wp","href":"https:\/\/api.w.org\/{rel}","templated":true}]}}