{"id":59074,"date":"2020-03-17T11:28:30","date_gmt":"2020-03-17T14:28:30","guid":{"rendered":"https:\/\/www.actualidadadiario.com\/?p=59074"},"modified":"2020-03-17T11:28:30","modified_gmt":"2020-03-17T14:28:30","slug":"agmer-se-reunio-con-autoridades-del-cge-y-brindo-precisiones-sobre-la-suspension-de-clases","status":"publish","type":"post","link":"https:\/\/www.actualidadadiario.com\/index.php\/2020\/03\/17\/agmer-se-reunio-con-autoridades-del-cge-y-brindo-precisiones-sobre-la-suspension-de-clases\/","title":{"rendered":"Agmer se reuni\u00f3 con autoridades del CGE y brind\u00f3 precisiones sobre la suspensi\u00f3n de clases"},"content":{"rendered":"<p style=\"text-align: center;\"><em><strong>Representantes de Agmer se reunieron este lunes con autoridades del CGE, para obtener precisiones acerca de la instrumentaci\u00f3n de la Resoluci\u00f3n del CGE 0674\/20 por la cual se suspendieron las clases en Entre R\u00edos, en el marco de la emergencia sanitaria por coronavirus. \u201cLa concurrencia a los lugares de trabajo debe ser m\u00ednima e indispensable (no deben concurrir todos los docentes)\u201d, se se\u00f1al\u00f3<\/strong><\/em><\/p>\n<p>&nbsp;<\/p>\n<p>La Comisi\u00f3n Directiva Central de Agmer se reuni\u00f3 este lunes con el Presidente del Consejo General de Educaci\u00f3n, vocales pol\u00edticos e integrantes de otros gremios docentes de Entre R\u00edos para abordar la situaci\u00f3n de suspensi\u00f3n de clases, en el marco de la emergencia sanitaria que rige en todo el pa\u00eds.<\/p>\n<p>\u201cPlanteamos lo que venimos exigiendo en diferentes \u00e1mbitos formales desde nuestro sindicato: mayores partidas para limpieza y mantenimiento de nuestras escuelas; mayores partidas para los comedores escolares y celeridad en la entrega de los mismos\u201d, dijeron desde el sindicato.<\/p>\n<p>&nbsp;<\/p>\n<p><strong>Adem\u00e1s, en la reuni\u00f3n las autoridades educativas aclararon una serie de puntos:<\/strong><\/p>\n<ol>\n<li>A) La concurrencia a los lugares de trabajo debe ser m\u00ednima e indispensable (no deben concurrir todos los docentes).<\/li>\n<\/ol>\n<p>&nbsp;<\/p>\n<ol>\n<li>B) Los docentes en grupo de riesgo no deben presentar certificados. Bastar\u00e1 con dar aviso a la autoridad del establecimiento.<\/li>\n<\/ol>\n<p>&nbsp;<\/p>\n<ol>\n<li>C) Los trabajadores y trabajadoras que est\u00e9n en uso de licencia por enfermedad en este per\u00edodo deber\u00e1n actuar de la siguiente manera: Las escuelas recepcionar\u00e1n el certificado que deber\u00e1n cargar y validar por sistema (sin concurrencia a la auditoria m\u00e9dica).<\/li>\n<\/ol>\n<p>&nbsp;<\/p>\n<ol>\n<li>D) En los dos casos anteriores nos e realizar\u00e1 descuento del c\u00f3digo 188 (Productividad)<\/li>\n<\/ol>\n<p>&nbsp;<\/p>\n<ol>\n<li>E) En los casos de los docentes que est\u00e9n comprendidos en el grupo de riesgo mencionado por la Resoluci\u00f3n del CGE 0674\/20 y que est\u00e9n en Direcciones de 4\u00b0 categor\u00eda, PU, as\u00ed como el personal de maestranza que sea \u00fanico en la escuela, se cubrir\u00e1 inmediatamente la vacante seg\u00fan la normativa vigente.<\/li>\n<\/ol>\n<p>&nbsp;<\/p>\n<p>El Consejo General de Educaci\u00f3n plante\u00f3 la necesidad de dar continuidad a las trayectorias educativas, para lo cual est\u00e1 instrumentando cuadernillos de Sugerencias para activar una comunicaci\u00f3n y circulaci\u00f3n de propuestas entre la escuela y sus alumnos (\u201cContenidos en Casa\u201d). Dicho material se pondr\u00e1 a disposici\u00f3n por las v\u00edas que actualmente utiliza para tal fin.<\/p>\n","protected":false},"excerpt":{"rendered":"<p>Representantes de Agmer se reunieron este lunes con autoridades del CGE, para obtener precisiones acerca de la instrumentaci\u00f3n de la Resoluci\u00f3n del CGE 0674\/20 por la cual se suspendieron las clases en Entre R\u00edos, en el marco de la emergencia sanitaria por coronavirus. \u201cLa concurrencia a los lugares de trabajo debe ser m\u00ednima e indispensable (no deben concurrir todos los docentes)\u201d, se se\u00f1al\u00f3 &nbsp; La Comisi\u00f3n Directiva Central de Agmer se reuni\u00f3 este lunes con el Presidente del Consejo General de Educaci\u00f3n, vocales pol\u00edticos e integrantes de otros gremios docentes&#8230;<\/p>\n","protected":false},"author":3,"featured_media":58212,"comment_status":"closed","ping_status":"closed","sticky":false,"template":"","format":"standard","meta":[],"categories":[15],"tags":[],"_links":{"self":[{"href":"https:\/\/www.actualidadadiario.com\/index.php\/wp-json\/wp\/v2\/posts\/59074"}],"collection":[{"href":"https:\/\/www.actualidadadiario.com\/index.php\/wp-json\/wp\/v2\/posts"}],"about":[{"href":"https:\/\/www.actualidadadiario.com\/index.php\/wp-json\/wp\/v2\/types\/post"}],"author":[{"embeddable":true,"href":"https:\/\/www.actualidadadiario.com\/index.php\/wp-json\/wp\/v2\/users\/3"}],"replies":[{"embeddable":true,"href":"https:\/\/www.actualidadadiario.com\/index.php\/wp-json\/wp\/v2\/comments?post=59074"}],"version-history":[{"count":1,"href":"https:\/\/www.actualidadadiario.com\/index.php\/wp-json\/wp\/v2\/posts\/59074\/revisions"}],"predecessor-version":[{"id":59075,"href":"https:\/\/www.actualidadadiario.com\/index.php\/wp-json\/wp\/v2\/posts\/59074\/revisions\/59075"}],"wp:featuredmedia":[{"embeddable":true,"href":"https:\/\/www.actualidadadiario.com\/index.php\/wp-json\/wp\/v2\/media\/58212"}],"wp:attachment":[{"href":"https:\/\/www.actualidadadiario.com\/index.php\/wp-json\/wp\/v2\/media?parent=59074"}],"wp:term":[{"taxonomy":"category","embeddable":true,"href":"https:\/\/www.actualidadadiario.com\/index.php\/wp-json\/wp\/v2\/categories?post=59074"},{"taxonomy":"post_tag","embeddable":true,"href":"https:\/\/www.actualidadadiario.com\/index.php\/wp-json\/wp\/v2\/tags?post=59074"}],"curies":[{"name":"wp","href":"https:\/\/api.w.org\/{rel}","templated":true}]}}