{"id":59072,"date":"2020-03-17T11:27:50","date_gmt":"2020-03-17T14:27:50","guid":{"rendered":"https:\/\/www.actualidadadiario.com\/?p=59072"},"modified":"2020-03-17T11:27:50","modified_gmt":"2020-03-17T14:27:50","slug":"hay-siete-casos-probables-de-coronavirus-en-estudio-en-entre-rios","status":"publish","type":"post","link":"https:\/\/www.actualidadadiario.com\/index.php\/2020\/03\/17\/hay-siete-casos-probables-de-coronavirus-en-estudio-en-entre-rios\/","title":{"rendered":"Hay siete casos probables de coronavirus en estudio en Entre R\u00edos"},"content":{"rendered":"<p style=\"text-align: center;\"><em><strong>Por el momento s\u00f3lo hay uno confirmado, oriundo de Gualeguay, que se trata en Buenos Aires (CABA). Mientras, se han descartado otros cuatro sospechosos. Seg\u00fan indicaron desde Salud, Entre R\u00edos se encuentra en &#8220;etapa de contenci\u00f3n&#8221;<\/strong><\/em><\/p>\n<p>&nbsp;<\/p>\n<p>El Ministerio de Salud de Entre R\u00edos se\u00f1al\u00f3 que hay siete casos en estudio por posible coronavirus en la provincia, aunque por el momento s\u00f3lo hay uno confirmado, oriundo de Gualeguay, que se trata en una cl\u00ednica de la Ciudad Aut\u00f3noma de Buenos Aires (CABA). Mientras, se han descartado otros cuatro sospechosos. Seg\u00fan indicaron desde Salud, Entre R\u00edos se encuentra en &#8220;etapa de contenci\u00f3n&#8221;.<\/p>\n<p>El gobernador, Gustavo Bordet, resalt\u00f3 al respecto que &#8220;no podemos subestimar una situaci\u00f3n que se puede presentar muy compleja si no se adoptan las medidas pertinentes&#8221;.<\/p>\n<p>Resalt\u00f3 en tal sentido que Entre R\u00edos fue la primera provincia en crear el Comit\u00e9 de Organizaci\u00f3n de la Emergencia en Salud (COES), y que &#8220;est\u00e1 trabajando desde hace varias semanas de manera silenciosa y muy profesional&#8221;.<\/p>\n<p>&#8220;El trabajo del sistema p\u00fablico de salud en conjunto con el subsistema privado para una atenci\u00f3n abarcativa y coordinada ante la emergencia que se nos presenta por la circulaci\u00f3n del coronavirus&#8221;, expres\u00f3 el mandatario.<\/p>\n","protected":false},"excerpt":{"rendered":"<p>Por el momento s\u00f3lo hay uno confirmado, oriundo de Gualeguay, que se trata en Buenos Aires (CABA). Mientras, se han descartado otros cuatro sospechosos. Seg\u00fan indicaron desde Salud, Entre R\u00edos se encuentra en &#8220;etapa de contenci\u00f3n&#8221; &nbsp; El Ministerio de Salud de Entre R\u00edos se\u00f1al\u00f3 que hay siete casos en estudio por posible coronavirus en la provincia, aunque por el momento s\u00f3lo hay uno confirmado, oriundo de Gualeguay, que se trata en una cl\u00ednica de la Ciudad Aut\u00f3noma de Buenos Aires (CABA). Mientras, se han descartado otros cuatro sospechosos. Seg\u00fan&#8230;<\/p>\n","protected":false},"author":3,"featured_media":56209,"comment_status":"closed","ping_status":"closed","sticky":false,"template":"","format":"standard","meta":[],"categories":[15],"tags":[],"_links":{"self":[{"href":"https:\/\/www.actualidadadiario.com\/index.php\/wp-json\/wp\/v2\/posts\/59072"}],"collection":[{"href":"https:\/\/www.actualidadadiario.com\/index.php\/wp-json\/wp\/v2\/posts"}],"about":[{"href":"https:\/\/www.actualidadadiario.com\/index.php\/wp-json\/wp\/v2\/types\/post"}],"author":[{"embeddable":true,"href":"https:\/\/www.actualidadadiario.com\/index.php\/wp-json\/wp\/v2\/users\/3"}],"replies":[{"embeddable":true,"href":"https:\/\/www.actualidadadiario.com\/index.php\/wp-json\/wp\/v2\/comments?post=59072"}],"version-history":[{"count":1,"href":"https:\/\/www.actualidadadiario.com\/index.php\/wp-json\/wp\/v2\/posts\/59072\/revisions"}],"predecessor-version":[{"id":59073,"href":"https:\/\/www.actualidadadiario.com\/index.php\/wp-json\/wp\/v2\/posts\/59072\/revisions\/59073"}],"wp:featuredmedia":[{"embeddable":true,"href":"https:\/\/www.actualidadadiario.com\/index.php\/wp-json\/wp\/v2\/media\/56209"}],"wp:attachment":[{"href":"https:\/\/www.actualidadadiario.com\/index.php\/wp-json\/wp\/v2\/media?parent=59072"}],"wp:term":[{"taxonomy":"category","embeddable":true,"href":"https:\/\/www.actualidadadiario.com\/index.php\/wp-json\/wp\/v2\/categories?post=59072"},{"taxonomy":"post_tag","embeddable":true,"href":"https:\/\/www.actualidadadiario.com\/index.php\/wp-json\/wp\/v2\/tags?post=59072"}],"curies":[{"name":"wp","href":"https:\/\/api.w.org\/{rel}","templated":true}]}}