{"id":59064,"date":"2020-03-17T11:25:35","date_gmt":"2020-03-17T14:25:35","guid":{"rendered":"https:\/\/www.actualidadadiario.com\/?p=59064"},"modified":"2020-03-17T11:25:35","modified_gmt":"2020-03-17T14:25:35","slug":"el-servicio-de-comedores-escolares-se-mantendra-en-toda-la-provincia","status":"publish","type":"post","link":"https:\/\/www.actualidadadiario.com\/index.php\/2020\/03\/17\/el-servicio-de-comedores-escolares-se-mantendra-en-toda-la-provincia\/","title":{"rendered":"El servicio de comedores escolares se mantendr\u00e1 en toda la provincia"},"content":{"rendered":"<p style=\"text-align: center;\"><em><strong>En el marco de la emergencia sanitaria, el servicio de comedores se prestar\u00e1 mediante la entrega de viandas que deber\u00e1n retirar las madres, padres o tutores a las 12.30 en cada establecimiento educativo<\/strong><\/em><\/p>\n<p>&nbsp;<\/p>\n<p>&nbsp;<\/p>\n<p>Desde la Direcci\u00f3n de Comedores, dependiente del Ministerio de Desarrollo Social, informaron que se articularon acciones con el Consejo General de Educaci\u00f3n (CGE) y con los equipos directivos para organizar la log\u00edstica de entrega de los alimentos respetando las medidas establecidas por el protocolo de prevenci\u00f3n y cuidado.<\/p>\n<p>Cada persona que asista a buscar la comida tendr\u00e1 que llevar un recipiente para trasladarla y el equipo de cocina se encargar\u00e1 de higienizarlo correctamente.<\/p>\n<p>De este modo, las instituciones de acuerdo a la necesidad mantendr\u00e1n el comedor abierto, garantizando una alimentaci\u00f3n saludable para las y los alumnos.<\/p>\n","protected":false},"excerpt":{"rendered":"<p>En el marco de la emergencia sanitaria, el servicio de comedores se prestar\u00e1 mediante la entrega de viandas que deber\u00e1n retirar las madres, padres o tutores a las 12.30 en cada establecimiento educativo &nbsp; &nbsp; Desde la Direcci\u00f3n de Comedores, dependiente del Ministerio de Desarrollo Social, informaron que se articularon acciones con el Consejo General de Educaci\u00f3n (CGE) y con los equipos directivos para organizar la log\u00edstica de entrega de los alimentos respetando las medidas establecidas por el protocolo de prevenci\u00f3n y cuidado. Cada persona que asista a buscar la&#8230;<\/p>\n","protected":false},"author":3,"featured_media":59065,"comment_status":"closed","ping_status":"closed","sticky":false,"template":"","format":"standard","meta":[],"categories":[9],"tags":[],"_links":{"self":[{"href":"https:\/\/www.actualidadadiario.com\/index.php\/wp-json\/wp\/v2\/posts\/59064"}],"collection":[{"href":"https:\/\/www.actualidadadiario.com\/index.php\/wp-json\/wp\/v2\/posts"}],"about":[{"href":"https:\/\/www.actualidadadiario.com\/index.php\/wp-json\/wp\/v2\/types\/post"}],"author":[{"embeddable":true,"href":"https:\/\/www.actualidadadiario.com\/index.php\/wp-json\/wp\/v2\/users\/3"}],"replies":[{"embeddable":true,"href":"https:\/\/www.actualidadadiario.com\/index.php\/wp-json\/wp\/v2\/comments?post=59064"}],"version-history":[{"count":1,"href":"https:\/\/www.actualidadadiario.com\/index.php\/wp-json\/wp\/v2\/posts\/59064\/revisions"}],"predecessor-version":[{"id":59066,"href":"https:\/\/www.actualidadadiario.com\/index.php\/wp-json\/wp\/v2\/posts\/59064\/revisions\/59066"}],"wp:featuredmedia":[{"embeddable":true,"href":"https:\/\/www.actualidadadiario.com\/index.php\/wp-json\/wp\/v2\/media\/59065"}],"wp:attachment":[{"href":"https:\/\/www.actualidadadiario.com\/index.php\/wp-json\/wp\/v2\/media?parent=59064"}],"wp:term":[{"taxonomy":"category","embeddable":true,"href":"https:\/\/www.actualidadadiario.com\/index.php\/wp-json\/wp\/v2\/categories?post=59064"},{"taxonomy":"post_tag","embeddable":true,"href":"https:\/\/www.actualidadadiario.com\/index.php\/wp-json\/wp\/v2\/tags?post=59064"}],"curies":[{"name":"wp","href":"https:\/\/api.w.org\/{rel}","templated":true}]}}