{"id":59061,"date":"2020-03-17T11:24:56","date_gmt":"2020-03-17T14:24:56","guid":{"rendered":"https:\/\/www.actualidadadiario.com\/?p=59061"},"modified":"2020-03-17T11:24:56","modified_gmt":"2020-03-17T14:24:56","slug":"bordet-llamo-al-autocuidado-para-reducir-la-circulacion-del-coronavirus","status":"publish","type":"post","link":"https:\/\/www.actualidadadiario.com\/index.php\/2020\/03\/17\/bordet-llamo-al-autocuidado-para-reducir-la-circulacion-del-coronavirus\/","title":{"rendered":"Bordet llam\u00f3 al autocuidado para reducir la circulaci\u00f3n del Coronavirus"},"content":{"rendered":"<p style=\"text-align: center;\"><em><strong>\u201cEstamos cuidando a la poblaci\u00f3n y necesitamos tambi\u00e9n del auto cuidado. Cuanto m\u00e1s a conciencia trabajemos menos ser\u00e1n los efectos que produce la circulaci\u00f3n del coronavirus\u201d, afirm\u00f3 el gobernador Gustavo Bordet<\/strong><\/em><\/p>\n<p>&nbsp;<\/p>\n<p>&nbsp;<\/p>\n<p>El mandatario dio a conocer las \u00faltimas medidas implementadas por la provincia para proteger a los entrerrianos del coronavirus. Durante su mensaje expuso detalles de la suspensi\u00f3n de clases, el funcionamiento de los comedores escolares y los \u00faltimos datos epidemiol\u00f3gicos.<\/p>\n<p>Acompa\u00f1ado por las ministras de Salud, Sonia Vel\u00e1zquez, de Desarrollo Social, Marisa Paira, y el presidente del Consejo General de Educaci\u00f3n, Mart\u00edn M\u00fcller, el mandatario entrerriano record\u00f3 que desde el gobierno de Entre R\u00edos se est\u00e1 \u201ctrabajando articuladamente con las dem\u00e1s provincias y el gobierno nacional\u201d, \u201ctomando medidas que son concordantes\u201d en el marco de \u201cun sistema integral de salud\u201d.<\/p>\n<p>A ra\u00edz de la decisi\u00f3n de suspender la presencialidad de los alumnos en las escuelas entrerrianas hasta el 31 de marzo, Bordet adelant\u00f3 que se est\u00e1 trabajando \u201cpara que los chicos no pierdan contenidos educativos\u201d. Reiter\u00f3 adem\u00e1s la importancia de \u201cevitar la circulaci\u00f3n innecesaria\u201d y apel\u00f3 a la \u201cresponsabilidad\u201d individual de todos y todas, \u201ctomando las precauciones que son necesarias\u201d.<\/p>\n<p>\u201cDispusimos muchas medidas para evitar la aglomeraci\u00f3n de personas en distintos lugares pero tambi\u00e9n es muy importante el auto cuidado, el cuidarnos responsablemente a nosotros mismos\u201d, resalt\u00f3 el mandatario.<\/p>\n<p>En ese marco subray\u00f3 que \u201cestamos trabajando para poder llegar a todos los chicos y personas con factores de riesgo con nuestras pol\u00edticas alimentarias, como as\u00ed tambi\u00e9n con todos nuestros efectores de salud para poder mitigar los efectos que la circulaci\u00f3n del virus est\u00e1 causando\u201d.<\/p>\n<p>\u201cEs una etapa en este momento de contenci\u00f3n y por eso queremos tomar todas las previsiones necesarias. Hemos tomado contacto con las personas que viajaron al exterior, a pa\u00edses donde est\u00e1 circulando el virus y han llegado nuevamente a sus hogares. Los grupos de Epidemiolog\u00eda fueron a visitarlas para pedirles que hagan la cuarentena, tal cual lo indican las prescripciones. Estamos cuidando a la poblaci\u00f3n y necesitamos tambi\u00e9n del auto cuidado. Cuanto m\u00e1s a conciencia trabajemos, menos ser\u00e1n los efectos que produce la circulaci\u00f3n del coronavirus\u201d.<\/p>\n<p>Finalmente, Bordet afirm\u00f3: \u201cQuiero significarles que permanentemente vamos a estar informando a la poblaci\u00f3n de Entre R\u00edos de todas las medidas que vamos a ir adoptando. Esto es muy cambiante. Cada hora, cada espacio de tiempo, hacen que var\u00eden las condiciones y ah\u00ed estaremos informando para que toda la ciudadan\u00eda entrerriana tenga acceso a las nuevas disposiciones que se lleven adelante\u201d.<\/p>\n<p>&nbsp;<\/p>\n<p><strong>Contenci\u00f3n sanitaria<\/strong><\/p>\n<p>Por su parte, la ministra de Salud, Sonia Vel\u00e1zquez, se refiri\u00f3 a la situaci\u00f3n epidemiol\u00f3gica actual. Detall\u00f3 que ingresamos en la semana epidemiol\u00f3gica N\u00ba 12, e indic\u00f3 que &#8220;al d\u00eda de hoy no vari\u00f3 el n\u00famero de casos. Tenemos un s\u00f3lo caso confirmado e informado el d\u00eda viernes pasado, y que est\u00e1 cl\u00ednicamente muy bien y est\u00e1 en un hospital de la Ciudad Aut\u00f3noma de Buenos Aires&#8221;.<\/p>\n<p>Precis\u00f3 que hay siete casos en estudio a confirmar y cuatro descartados. &#8220;En este momento la provincia se encuentra en una etapa de contenci\u00f3n, tan necesaria e importante para dar cuenta de la prevenci\u00f3n. Es ahora el momento para contener el efecto de transmisi\u00f3n del virus en la poblaci\u00f3n&#8221;.<\/p>\n<p>&#8220;Apelamos a esta responsabilidad individual del autocuidado para realizar un efecto colectivo en toda poblaci\u00f3n. En ese sentido, nos hemos dado un trabajo integral con todas las \u00e1reas de gobierno para desarrollar una pol\u00edtica integral en relaci\u00f3n a este componente epidemiol\u00f3gico&#8221;, sostuvo Vel\u00e1zquez.<\/p>\n<p>Detall\u00f3 que se trabaja con todos los equipos de Salud y de la seguridad social de la red p\u00fablica y privada. &#8220;Tambi\u00e9n nos estamos dando todas las medidas a trav\u00e9s del Comit\u00e9 de Organizaci\u00f3n de Emergencia en Salud (COES), oportunamente creado para poder monitorear la situaci\u00f3n y la informaci\u00f3n que brind\u00f3 el \u00e1rea de migraciones para llegar a los entrerrianos que han regresado de viajes del exterior, sobre todo de aquellos pa\u00edses de circulaci\u00f3n activa&#8221;, inform\u00f3.<\/p>\n<p>Mencion\u00f3 que durante el fin de semana se trabaj\u00f3 en un \u00e1rea de acompa\u00f1amiento durante las 24 horas, adem\u00e1s de emitir recomendaciones para adoptarse en las diversas \u00e1reas. &#8220;En este momento, hay \u00e1reas como la de Transporte, Turismo y Producci\u00f3n en el desarrollo y estrategias espec\u00edficas para acompa\u00f1ar esta pol\u00edtica de trabajo que nos encomend\u00f3 el gobernador Bordet&#8221;.<\/p>\n<p>&nbsp;<\/p>\n<p><strong>Comedores escolares<\/strong><\/p>\n<p>Por su lado, la ministra de Desarrollo Social, Marisa Paira, dijo que desde la provincia se garantiza el acceso a la alimentaci\u00f3n en todos los comedores escolares de nuestras ni\u00f1as y ni\u00f1os.<\/p>\n<p>&#8220;Hemos organizado una log\u00edstica que posibilitar\u00e1 que en los 1.000 comedores escolares que tiene la provincia puedan ir los padres, madres, tutores, una persona adulta a retirar el almuerzo, alrededor de las 12.30\u201d, explic\u00f3.<\/p>\n<p>\u201cCada instituci\u00f3n educativa ir\u00e1 dando las precisiones. Para ello cada uno tendr\u00e1 que llevar un recipiente, el cual es higienizado de acuerdo a las medidas que nos indic\u00f3 el Comit\u00e9 de Emergencia, y en el cual se distribuir\u00e1 la comida&#8221;, precis\u00f3 la ministra de Desarrollo Social.<\/p>\n<p>Adem\u00e1s, indic\u00f3 que lo din\u00e1mico de la situaci\u00f3n hace que &#8220;vayamos evaluando constantemente en esta semana qu\u00e9 ajustes o qu\u00e9 situaciones especiales debemos ir atendiendo que se nos pueden ir presentando en los distintos comedores&#8221;.<\/p>\n<p>Por otra parte, dijo que se est\u00e1 acompa\u00f1ando e invitando a los distintos comedores comunitarios de la provincia a tambi\u00e9n poder resolver el tema a trav\u00e9s de viandas que evita la acumulaci\u00f3n de personas en un espacio f\u00edsico para poder recibir la alimentaci\u00f3n.<\/p>\n<p>Por otra parte, la ministra de Desarrollo Social sostuvo que &#8220;se est\u00e1 trabajando con los hogares de ancianos y difundiendo a las organizaciones de cuidado las pautas y criterios para fortalecer entre todos, en esta etapa las mayores medidas de cuidado y evitar as\u00ed la propagaci\u00f3n&#8221;.<\/p>\n<p>&nbsp;<\/p>\n<p><strong>Asistencia pedag\u00f3gica<\/strong><\/p>\n<p>A su turno, el presidente del Consejo General de Educaci\u00f3n, Mart\u00edn M\u00fcller, record\u00f3 la resoluci\u00f3n N\u00ba 674 emitida anoche a trav\u00e9s de la cual la provincia adhiere a la decisi\u00f3n del gobierno nacional de suspender las clases.<\/p>\n<p>&#8220;Esto no es un per\u00edodo de vacaciones, se suspende la presencialidad en el aula de los alumnos y estudiantes y por eso apelamos a la responsabilidad, compromiso de la comunidad educativa, de docentes, y fundamentalmente de la familia que ser\u00e1 muy importante en este per\u00edodo&#8221;, expres\u00f3.<\/p>\n<p>En ese sentido, asegur\u00f3 que &#8220;para garantizar la tarea vinculada al trabajo pedag\u00f3gico de los ni\u00f1os, ni\u00f1as y adolescentes en sus casas elaboramos una propuesta que se llama Contenidos en Casa\u201d y se\u00f1al\u00f3 que \u201cesta ma\u00f1ana, cada una de nuestra escuelas recibi\u00f3 un documento que orienta la organizaci\u00f3n institucional de la escuela. Es decir, otorga dentro de la autonom\u00eda que cada instituci\u00f3n tiene, la forma en la cual trabajar\u00e1n cada uno los actores de la escuela en funci\u00f3n de la heterogeneidad que tienen las diferentes instituciones de nuestra provincia\u201d.<\/p>\n<p>En cuanto al segundo documento enviado a las escuelas, el presidente del CGE sostuvo que tiene que ver con propuestas espec\u00edficamente curriculares que est\u00e1n elaborando cada una de las direcciones de nivel y modalidad. &#8220;Se est\u00e1n difundiendo a trav\u00e9s de los canales institucionales, pero fundamentalmente a trav\u00e9s de la plataforma del portal AprendER que es la herramienta que tiene el gobierno de Entre R\u00edos para elaboraci\u00f3n de propuestas multimedia&#8221;, detall\u00f3.<\/p>\n<p>Indic\u00f3 luego que &#8220;esto se acopla a la estrategia que dise\u00f1\u00f3 el gobierno nacional, a trav\u00e9s del Ministerio de Educaci\u00f3n de la Naci\u00f3n y que se llama Seguimos educando, el cual contempla este mismo mecanismo de educaci\u00f3n virtual&#8221;. Detall\u00f3 luego que incluye contenidos televisivos, y a los cuales se agreg\u00f3 la televisi\u00f3n abierta a trav\u00e9s de los canales Paka Paka y Encuentro.<\/p>\n<p>Luego se refiri\u00f3 a la posibilidad de acceder gratuitamente a las p\u00e1ginas que disponen estos contenidos. &#8220;Eso hace mucho m\u00e1s universal el acceso&#8221;, remarc\u00f3.<\/p>\n<p>Por \u00faltimo, insisti\u00f3 en que las escuelas estar\u00e1n abiertas, no s\u00f3lo para garantizar el comedor escolar, y en que los docentes tendr\u00e1n que estar atentos y en contacto permanente con las familias y alumnos\/as. &#8220;Para eso hay mucho material en las escuelas, las bibliotecas y todos aquellos dispositivos presencial que ayude que estos d\u00edas encontremos la forma de estar lo m\u00e1s cerca posible de nuestros ni\u00f1os entrerrianos, m\u00e1s all\u00e1 de la distancia f\u00edsica&#8221;, concluy\u00f3.<\/p>\n","protected":false},"excerpt":{"rendered":"<p>\u201cEstamos cuidando a la poblaci\u00f3n y necesitamos tambi\u00e9n del auto cuidado. Cuanto m\u00e1s a conciencia trabajemos menos ser\u00e1n los efectos que produce la circulaci\u00f3n del coronavirus\u201d, afirm\u00f3 el gobernador Gustavo Bordet &nbsp; &nbsp; El mandatario dio a conocer las \u00faltimas medidas implementadas por la provincia para proteger a los entrerrianos del coronavirus. Durante su mensaje expuso detalles de la suspensi\u00f3n de clases, el funcionamiento de los comedores escolares y los \u00faltimos datos epidemiol\u00f3gicos. Acompa\u00f1ado por las ministras de Salud, Sonia Vel\u00e1zquez, de Desarrollo Social, Marisa Paira, y el presidente del&#8230;<\/p>\n","protected":false},"author":3,"featured_media":59062,"comment_status":"closed","ping_status":"closed","sticky":false,"template":"","format":"standard","meta":[],"categories":[9],"tags":[],"_links":{"self":[{"href":"https:\/\/www.actualidadadiario.com\/index.php\/wp-json\/wp\/v2\/posts\/59061"}],"collection":[{"href":"https:\/\/www.actualidadadiario.com\/index.php\/wp-json\/wp\/v2\/posts"}],"about":[{"href":"https:\/\/www.actualidadadiario.com\/index.php\/wp-json\/wp\/v2\/types\/post"}],"author":[{"embeddable":true,"href":"https:\/\/www.actualidadadiario.com\/index.php\/wp-json\/wp\/v2\/users\/3"}],"replies":[{"embeddable":true,"href":"https:\/\/www.actualidadadiario.com\/index.php\/wp-json\/wp\/v2\/comments?post=59061"}],"version-history":[{"count":1,"href":"https:\/\/www.actualidadadiario.com\/index.php\/wp-json\/wp\/v2\/posts\/59061\/revisions"}],"predecessor-version":[{"id":59063,"href":"https:\/\/www.actualidadadiario.com\/index.php\/wp-json\/wp\/v2\/posts\/59061\/revisions\/59063"}],"wp:featuredmedia":[{"embeddable":true,"href":"https:\/\/www.actualidadadiario.com\/index.php\/wp-json\/wp\/v2\/media\/59062"}],"wp:attachment":[{"href":"https:\/\/www.actualidadadiario.com\/index.php\/wp-json\/wp\/v2\/media?parent=59061"}],"wp:term":[{"taxonomy":"category","embeddable":true,"href":"https:\/\/www.actualidadadiario.com\/index.php\/wp-json\/wp\/v2\/categories?post=59061"},{"taxonomy":"post_tag","embeddable":true,"href":"https:\/\/www.actualidadadiario.com\/index.php\/wp-json\/wp\/v2\/tags?post=59061"}],"curies":[{"name":"wp","href":"https:\/\/api.w.org\/{rel}","templated":true}]}}