{"id":59056,"date":"2020-03-13T10:46:07","date_gmt":"2020-03-13T13:46:07","guid":{"rendered":"https:\/\/www.actualidadadiario.com\/?p=59056"},"modified":"2020-03-13T10:46:07","modified_gmt":"2020-03-13T13:46:07","slug":"el-papa-francisco-cumple-siete-anos-al-frente-de-la-iglesia-catolica","status":"publish","type":"post","link":"https:\/\/www.actualidadadiario.com\/index.php\/2020\/03\/13\/el-papa-francisco-cumple-siete-anos-al-frente-de-la-iglesia-catolica\/","title":{"rendered":"El Papa Francisco cumple siete a\u00f1os al frente de la Iglesia cat\u00f3lica"},"content":{"rendered":"<p style=\"text-align: center;\"><em><strong>El Papa Francisco cumple este viernes 13 de marzo siete a\u00f1os al frente de la Iglesia Cat\u00f3lica en el mundo, en un momento en el que Italia trata de contener el avance de la epidemia de coronavirus con medidas de contenci\u00f3n extremas<\/strong><\/em><\/p>\n<p>&nbsp;<\/p>\n<p>&nbsp;<\/p>\n<p>En ese marco, este mi\u00e9rcoles el Pont\u00edfice presidi\u00f3 la audiencia general en una sala del Palacio Apost\u00f3lico, sin fieles, por primera vez en su pontificado. Lo mismo pas\u00f3 con el \u00e1ngelus del domingo. Las citas del Papa no se han paralizado, si bien se han restringido y se han tomado medidas de prevenci\u00f3n ante el covid-19 como la distancia de un metro de seguridad entre las visitas.<\/p>\n<p>&nbsp;<\/p>\n<p><strong>Reforma de la Curia<\/strong><\/p>\n<p>Al margen del coronavirus, en su s\u00e9ptimo a\u00f1o de Pontificado al frente de la barca de Pedro que gu\u00eda a 1.200 millones de fieles en todo el mundo, Francisco deber\u00e1 culminar la reforma de la Curia. Tras cinco a\u00f1os de trabajo del Consejo de cardenales que le ayuda en el gobierno de la Santa Sede, est\u00e1 previsto que el Papa publique en los pr\u00f3ximos meses que viene la nueva constituci\u00f3n apost\u00f3lica que sustituir\u00e1 al texto legislativo, Pastor Bonus, promulgado por Juan Pablo en 1988.<\/p>\n<p>En estos momentos, el proyecto de constituci\u00f3n apost\u00f3lica llamada &#8216;Praedicate Evangelium&#8217; (&#8216;Predicad el Evangelio&#8217;) est\u00e1 en una fase de revisi\u00f3n final en el Pontificio Consejo de Textos Legislativos y la Congregaci\u00f3n para la Doctrina de la Fe.<\/p>\n<p>Los principales ejes que est\u00e1n vertebrando la nueva carta magna de la Santa Sede son la descentralizaci\u00f3n de la Curia Romana que se lograr\u00e1 a trav\u00e9s de la implicaci\u00f3n de los laicos, no solo como agentes pastorales sino tambi\u00e9n como responsables en puestos claves de la jerarqu\u00eda de la Iglesia sobre todo en \u00e1reas relacionadas con las realidades temporales, no espirituales.<\/p>\n<p>Tambi\u00e9n ser\u00e1 un a\u00f1o clave en la lucha contra los abusos sexuales. El Papa deber\u00e1 implementar de forma pr\u00e1ctica una de sus decisiones m\u00e1s relevantes del 2019: la eliminaci\u00f3n del secreto pontificio, una petici\u00f3n hist\u00f3rica de las asociaciones de v\u00edctimas de pederastia eclesial, que supone la obligaci\u00f3n de cooperar cuando haya mandatos ejecutivos con la justicia civil.<\/p>\n<p>Tras la cumbre que reuni\u00f3 a toda la jerarqu\u00eda episcopal en febrero del a\u00f1o pasado en el Vaticano, el Papa public\u00f3 el motu proprio &#8216;Vos estis lux mundi&#8217;, un compendio de reglas claras para erradicar de cualquier caso de abusos las pr\u00e1cticas del encubrimiento, que equipara la ocultaci\u00f3n al abuso y que deja claro que es responsabilidad de todos denunciar.<\/p>\n<p>Adem\u00e1s, el Vaticano cre\u00f3 el mes pasado un nuevo equipo de expertos que guiar\u00e1 a las Iglesias locales en la adopci\u00f3n de protocolos y la implementaci\u00f3n pr\u00e1ctica de medidas en la lucha para erradicar los abusos sexuales del seno de la Iglesia cat\u00f3lica. Esta medida da continuidad a la intenci\u00f3n del Papa de crear un grupo de trabajo operativo para ayudar a las Conferencias Episcopales a preparar y actualizar las directrices sobre la protecci\u00f3n de los menores.<\/p>\n<p>Sobre la mesa de trabajo de este s\u00e9ptimo a\u00f1o de pontificado, tambi\u00e9n est\u00e1 la relaci\u00f3n de la Iglesia cat\u00f3lica con China. Ambos gobiernos han cerrado un acuerdo hist\u00f3rico sobre designaci\u00f3n de obispos, tras m\u00e1s de 60 a\u00f1os de desencuentros, con la aceptaci\u00f3n de los siete obispos que el gigante asi\u00e1tico hab\u00eda nombrado previamente sin el consentimiento pontificio y la introducci\u00f3n del veto papal en el futuro.<\/p>\n<p>Adem\u00e1s, la exhortaci\u00f3n apost\u00f3lica &#8216;Querida Amazonia&#8217; dej\u00f3 clara la apuesta del Papa por fomentar la &#8220;autoridad&#8221; de los laicos y la capacidad decisional de las mujeres en la Amazonia, aunque el Pont\u00edfice evit\u00f3 referirse a la ordenaci\u00f3n de sacerdotes casados.<\/p>\n<p>El Papa tambi\u00e9n ha abierto a principios de este mes de marzo los archivos vaticanos sobre el pontificado de P\u00edo XII, durante la Segunda Guerra Mundial, un Pont\u00edfice que fue acusado por los jud\u00edos de guardar silencio sobre el Holocausto, en marzo de 2020. Sin embargo, seg\u00fan indic\u00f3 el arzobispo Paul Richard Gallagher, secretario de Relaciones con los Estados, en una entrevista con el portal vaticano, estos documentos demuestran P\u00edo XII no call\u00f3 ante el genocidio nazi y que llev\u00f3 a cabo acciones concretas.<\/p>\n<p>De momento, el Vaticano no ha hecho oficial ning\u00fan destino de la agenda de viajes que el Papa cumplir\u00e1 en 2020, pero \u00e9l ha dejado claro cu\u00e1les son sus intenciones. Entre sus objetivos est\u00e1 visitar Sud\u00e1n del Sur o Irak.<\/p>\n","protected":false},"excerpt":{"rendered":"<p>El Papa Francisco cumple este viernes 13 de marzo siete a\u00f1os al frente de la Iglesia Cat\u00f3lica en el mundo, en un momento en el que Italia trata de contener el avance de la epidemia de coronavirus con medidas de contenci\u00f3n extremas &nbsp; &nbsp; En ese marco, este mi\u00e9rcoles el Pont\u00edfice presidi\u00f3 la audiencia general en una sala del Palacio Apost\u00f3lico, sin fieles, por primera vez en su pontificado. Lo mismo pas\u00f3 con el \u00e1ngelus del domingo. Las citas del Papa no se han paralizado, si bien se han restringido&#8230;<\/p>\n","protected":false},"author":3,"featured_media":31958,"comment_status":"closed","ping_status":"closed","sticky":false,"template":"","format":"standard","meta":[],"categories":[4],"tags":[],"_links":{"self":[{"href":"https:\/\/www.actualidadadiario.com\/index.php\/wp-json\/wp\/v2\/posts\/59056"}],"collection":[{"href":"https:\/\/www.actualidadadiario.com\/index.php\/wp-json\/wp\/v2\/posts"}],"about":[{"href":"https:\/\/www.actualidadadiario.com\/index.php\/wp-json\/wp\/v2\/types\/post"}],"author":[{"embeddable":true,"href":"https:\/\/www.actualidadadiario.com\/index.php\/wp-json\/wp\/v2\/users\/3"}],"replies":[{"embeddable":true,"href":"https:\/\/www.actualidadadiario.com\/index.php\/wp-json\/wp\/v2\/comments?post=59056"}],"version-history":[{"count":1,"href":"https:\/\/www.actualidadadiario.com\/index.php\/wp-json\/wp\/v2\/posts\/59056\/revisions"}],"predecessor-version":[{"id":59057,"href":"https:\/\/www.actualidadadiario.com\/index.php\/wp-json\/wp\/v2\/posts\/59056\/revisions\/59057"}],"wp:featuredmedia":[{"embeddable":true,"href":"https:\/\/www.actualidadadiario.com\/index.php\/wp-json\/wp\/v2\/media\/31958"}],"wp:attachment":[{"href":"https:\/\/www.actualidadadiario.com\/index.php\/wp-json\/wp\/v2\/media?parent=59056"}],"wp:term":[{"taxonomy":"category","embeddable":true,"href":"https:\/\/www.actualidadadiario.com\/index.php\/wp-json\/wp\/v2\/categories?post=59056"},{"taxonomy":"post_tag","embeddable":true,"href":"https:\/\/www.actualidadadiario.com\/index.php\/wp-json\/wp\/v2\/tags?post=59056"}],"curies":[{"name":"wp","href":"https:\/\/api.w.org\/{rel}","templated":true}]}}