{"id":59053,"date":"2020-03-13T10:45:12","date_gmt":"2020-03-13T13:45:12","guid":{"rendered":"https:\/\/www.actualidadadiario.com\/?p=59053"},"modified":"2020-03-13T10:45:12","modified_gmt":"2020-03-13T13:45:12","slug":"lacalle-pou-lanza-ajuste-de-us-273-millones-y-responsabiliza-al-frente-amplio","status":"publish","type":"post","link":"https:\/\/www.actualidadadiario.com\/index.php\/2020\/03\/13\/lacalle-pou-lanza-ajuste-de-us-273-millones-y-responsabiliza-al-frente-amplio\/","title":{"rendered":"Lacalle Pou lanza ajuste de US$ 273 millones y responsabiliza al Frente Amplio"},"content":{"rendered":"<p style=\"text-align: center;\"><em><strong>El flamante presidente uruguayo asegur\u00f3 durante su campa\u00f1a electoral que si ganaba aplicar\u00eda un plan de ajuste para ahorrar 900 millones de d\u00f3lares y reducir as\u00ed el d\u00e9ficit fiscal<\/strong><\/em><\/p>\n<p>&nbsp;<\/p>\n<p>&nbsp;<\/p>\n<p>El flamante presidente de Uruguay, Luis Lacalle Pou, anunci\u00f3 un ajuste econ\u00f3mico de 273 millones de d\u00f3lares que incluye el aumento de las tarifas p\u00fablicas, un recorte del gasto p\u00fablico y una baja en el descuento del IVA para las compras con tarjetas de d\u00e9bito y de cr\u00e9dito, que fue rechazado hoy por la oposici\u00f3n.<\/p>\n<p>El mandatario, que asumi\u00f3 la Presidencia el pasado 1 de marzo de la mano de una coalici\u00f3n de centro derecha, responsabiliz\u00f3 al gobierno saliente del Frente Amplio (FA) porque insisti\u00f3 que si hubiesen sido coherentes con su actuaci\u00f3n de los \u00faltimos gobiernos deb\u00edan haber ajustado las tarifas a fin de a\u00f1o, como ocurri\u00f3 entre 2015 y 2018.<\/p>\n<p>Las medidas anunciadas ayer suponen un ahorro de 273 millones de d\u00f3lares: el gasto p\u00fablico tendr\u00e1 un tope del 85% de lo ejecutado en 2019, excluyendo salarios.<\/p>\n<p>Adem\u00e1s anunci\u00f3, como se esperaba, se aplicar\u00e1 desde el pr\u00f3ximo 1 de abril un aumento de las tarifas de la electricidad, el agua y la telefon\u00eda, excepto los combustibles.<\/p>\n<p>Lo que s\u00ed Lacalle Pou no hab\u00eda anunciado en campa\u00f1a era la suba del IVA para las compras con tarjeta de d\u00e9bito -en vez de devolver al consumidor cuatro puntos, ahora ser\u00e1n dos- y en los gastos con tarjetas de cr\u00e9dito en restaurantes, donde se devolv\u00edan nueve puntos de IVA y ahora ser\u00e1n cinco, inform\u00f3 el diario local El Pa\u00eds.<\/p>\n<p>Tras el anuncio del ajuste, desde la nueva oposici\u00f3n, los dirigentes de la coalici\u00f3n de izquierda saldr\u00e1n a la ofensiva criticando las medidas por entender que afectan el bolsillo de la poblaci\u00f3n.<\/p>\n<p>\u201cNos mintieron\u201d, escribi\u00f3 en su cuenta de la red social Twitter, el senador del Frente Amplio, Partido Socialista, Daniel Olesker.<\/p>\n<p>Ahora se iniciar\u00e1 un debate pol\u00edtico donde el gobierno saldr\u00e1 a defender su anuncio argumentando que la decisi\u00f3n es producto del mal manejo de la econom\u00eda del equipo econ\u00f3mico del FA al frente de los \u00faltimos tres gobiernos.<\/p>\n","protected":false},"excerpt":{"rendered":"<p>El flamante presidente uruguayo asegur\u00f3 durante su campa\u00f1a electoral que si ganaba aplicar\u00eda un plan de ajuste para ahorrar 900 millones de d\u00f3lares y reducir as\u00ed el d\u00e9ficit fiscal &nbsp; &nbsp; El flamante presidente de Uruguay, Luis Lacalle Pou, anunci\u00f3 un ajuste econ\u00f3mico de 273 millones de d\u00f3lares que incluye el aumento de las tarifas p\u00fablicas, un recorte del gasto p\u00fablico y una baja en el descuento del IVA para las compras con tarjetas de d\u00e9bito y de cr\u00e9dito, que fue rechazado hoy por la oposici\u00f3n. El mandatario, que asumi\u00f3&#8230;<\/p>\n","protected":false},"author":3,"featured_media":59054,"comment_status":"closed","ping_status":"closed","sticky":false,"template":"","format":"standard","meta":[],"categories":[4],"tags":[],"_links":{"self":[{"href":"https:\/\/www.actualidadadiario.com\/index.php\/wp-json\/wp\/v2\/posts\/59053"}],"collection":[{"href":"https:\/\/www.actualidadadiario.com\/index.php\/wp-json\/wp\/v2\/posts"}],"about":[{"href":"https:\/\/www.actualidadadiario.com\/index.php\/wp-json\/wp\/v2\/types\/post"}],"author":[{"embeddable":true,"href":"https:\/\/www.actualidadadiario.com\/index.php\/wp-json\/wp\/v2\/users\/3"}],"replies":[{"embeddable":true,"href":"https:\/\/www.actualidadadiario.com\/index.php\/wp-json\/wp\/v2\/comments?post=59053"}],"version-history":[{"count":1,"href":"https:\/\/www.actualidadadiario.com\/index.php\/wp-json\/wp\/v2\/posts\/59053\/revisions"}],"predecessor-version":[{"id":59055,"href":"https:\/\/www.actualidadadiario.com\/index.php\/wp-json\/wp\/v2\/posts\/59053\/revisions\/59055"}],"wp:featuredmedia":[{"embeddable":true,"href":"https:\/\/www.actualidadadiario.com\/index.php\/wp-json\/wp\/v2\/media\/59054"}],"wp:attachment":[{"href":"https:\/\/www.actualidadadiario.com\/index.php\/wp-json\/wp\/v2\/media?parent=59053"}],"wp:term":[{"taxonomy":"category","embeddable":true,"href":"https:\/\/www.actualidadadiario.com\/index.php\/wp-json\/wp\/v2\/categories?post=59053"},{"taxonomy":"post_tag","embeddable":true,"href":"https:\/\/www.actualidadadiario.com\/index.php\/wp-json\/wp\/v2\/tags?post=59053"}],"curies":[{"name":"wp","href":"https:\/\/api.w.org\/{rel}","templated":true}]}}