{"id":59041,"date":"2020-03-13T10:39:05","date_gmt":"2020-03-13T13:39:05","guid":{"rendered":"https:\/\/www.actualidadadiario.com\/?p=59041"},"modified":"2020-03-13T10:39:05","modified_gmt":"2020-03-13T13:39:05","slug":"dia-de-la-memoria-definiran-hoy-si-se-realiza-la-marcha-del-24-de-marzo","status":"publish","type":"post","link":"https:\/\/www.actualidadadiario.com\/index.php\/2020\/03\/13\/dia-de-la-memoria-definiran-hoy-si-se-realiza-la-marcha-del-24-de-marzo\/","title":{"rendered":"D\u00eda de la Memoria: definir\u00e1n hoy si se realiza la marcha del 24 de marzo"},"content":{"rendered":"<p style=\"text-align: center;\"><em><strong>Representantes de 10 organismos de derechos humanos se reunir\u00e1n esta tarde para analizar la posibilidad de suspender la hist\u00f3rica marcha. &#8220;Yo comparto la necesidad de mantener viva la memoria, pero estamos en riesgo&#8221;, dijo el Presidente en las \u00faltimas horas, al referirse al tema<\/strong><\/em><\/p>\n<p>&nbsp;<\/p>\n<p>Representantes de 10 organismos de derechos humanos se reunir\u00e1n hoy para definir si suspenden la tradicional marcha a Plaza de Mayo convocada para el pr\u00f3ximo 24 de marzo, en un nuevo aniversario del golpe de Estado de 1976, a ra\u00edz de la situaci\u00f3n generada por la pandemia de coronavirus.<\/p>\n<p>El encuentro se realizar\u00e1 hoy a las 17 en la sede de la Asociaci\u00f3n de Abuelas de Plaza de Mayo, ubicada en Virrey Cevallos 592 de la Ciudad de Buenos Aires (CABA), informaron a T\u00e9lam desde los organismos de derechos humanos.<\/p>\n<p>&#8220;Los organismos somos conscientes de la realidad que nos toca vivir a los argentinos frente a esta grave enfermedad. Entonces debemos analizar la situaci\u00f3n y decidir qu\u00e9 hacer ante la inminencia de la movilizaci\u00f3n por el 24 de Marzo&#8221;, explic\u00f3 a T\u00e9lam el secretario de Relaciones Institucionales de la Asamblea Permanente por los Derechos Humanos (APDH), Eduardo Tavani.<\/p>\n<p>Por su parte, la presidenta de la Asociaci\u00f3n Madres de Plaza de Mayo, Hebe Pastor de Bonafini, pidi\u00f3 ayer suspender la marcha a Plaza de Mayo del 24 de marzo, al considerar que &#8220;la gente debe entender que tiene que cuidarse&#8221; ante la propagaci\u00f3n del coronavirus.<\/p>\n<p>&#8220;Lo importante es tomar conciencia y cuidarse. Se puede hacer una marcha en abril o en mayo. La memoria son todos los d\u00edas y a lo mejor conviene pensar otras actividades&#8221;, indic\u00f3 Bonafini en declaraciones a El Destape radio.<\/p>\n<p>El presidente Alberto Fern\u00e1ndez hab\u00eda mencionado ayer al tema en una entrevista que brind\u00f3 por la ma\u00f1ana a radio Mitre.<\/p>\n<p>&#8220;Yo comparto la necesidad de mantener viva la memoria, pero estamos en riesgo&#8221;, advirti\u00f3 el jefe de Estado.<\/p>\n","protected":false},"excerpt":{"rendered":"<p>Representantes de 10 organismos de derechos humanos se reunir\u00e1n esta tarde para analizar la posibilidad de suspender la hist\u00f3rica marcha. &#8220;Yo comparto la necesidad de mantener viva la memoria, pero estamos en riesgo&#8221;, dijo el Presidente en las \u00faltimas horas, al referirse al tema &nbsp; Representantes de 10 organismos de derechos humanos se reunir\u00e1n hoy para definir si suspenden la tradicional marcha a Plaza de Mayo convocada para el pr\u00f3ximo 24 de marzo, en un nuevo aniversario del golpe de Estado de 1976, a ra\u00edz de la situaci\u00f3n generada por&#8230;<\/p>\n","protected":false},"author":3,"featured_media":59042,"comment_status":"closed","ping_status":"closed","sticky":false,"template":"","format":"standard","meta":[],"categories":[18],"tags":[],"_links":{"self":[{"href":"https:\/\/www.actualidadadiario.com\/index.php\/wp-json\/wp\/v2\/posts\/59041"}],"collection":[{"href":"https:\/\/www.actualidadadiario.com\/index.php\/wp-json\/wp\/v2\/posts"}],"about":[{"href":"https:\/\/www.actualidadadiario.com\/index.php\/wp-json\/wp\/v2\/types\/post"}],"author":[{"embeddable":true,"href":"https:\/\/www.actualidadadiario.com\/index.php\/wp-json\/wp\/v2\/users\/3"}],"replies":[{"embeddable":true,"href":"https:\/\/www.actualidadadiario.com\/index.php\/wp-json\/wp\/v2\/comments?post=59041"}],"version-history":[{"count":1,"href":"https:\/\/www.actualidadadiario.com\/index.php\/wp-json\/wp\/v2\/posts\/59041\/revisions"}],"predecessor-version":[{"id":59043,"href":"https:\/\/www.actualidadadiario.com\/index.php\/wp-json\/wp\/v2\/posts\/59041\/revisions\/59043"}],"wp:featuredmedia":[{"embeddable":true,"href":"https:\/\/www.actualidadadiario.com\/index.php\/wp-json\/wp\/v2\/media\/59042"}],"wp:attachment":[{"href":"https:\/\/www.actualidadadiario.com\/index.php\/wp-json\/wp\/v2\/media?parent=59041"}],"wp:term":[{"taxonomy":"category","embeddable":true,"href":"https:\/\/www.actualidadadiario.com\/index.php\/wp-json\/wp\/v2\/categories?post=59041"},{"taxonomy":"post_tag","embeddable":true,"href":"https:\/\/www.actualidadadiario.com\/index.php\/wp-json\/wp\/v2\/tags?post=59041"}],"curies":[{"name":"wp","href":"https:\/\/api.w.org\/{rel}","templated":true}]}}