{"id":59038,"date":"2020-03-13T10:38:15","date_gmt":"2020-03-13T13:38:15","guid":{"rendered":"https:\/\/www.actualidadadiario.com\/?p=59038"},"modified":"2020-03-13T10:38:15","modified_gmt":"2020-03-13T13:38:15","slug":"tras-declarar-la-emergencia-sanitaria-vuelven-a-reunirse-los-ministros-y-especialistas","status":"publish","type":"post","link":"https:\/\/www.actualidadadiario.com\/index.php\/2020\/03\/13\/tras-declarar-la-emergencia-sanitaria-vuelven-a-reunirse-los-ministros-y-especialistas\/","title":{"rendered":"Tras declarar la emergencia sanitaria, vuelven a reunirse los ministros y especialistas"},"content":{"rendered":"<p style=\"text-align: center;\"><em><strong>Encabezada por Cafiero, la reuni\u00f3n est\u00e1 prevista para las 11 en el Sal\u00f3n Eva Per\u00f3n. Estar\u00e1n presentes el ministro de Salud, Gin\u00e9s Gonz\u00e1lez Garc\u00eda, representantes de otras carteras y tambi\u00e9n reconocidos epidemi\u00f3logos e infect\u00f3logos<\/strong><\/em><\/p>\n<p>&nbsp;<\/p>\n<p>&nbsp;<\/p>\n<p>El jefe de Gabinete, Santiago Cafiero, encabezar\u00e1 hoy a las 11 en la Casa de Gobierno una nueva reuni\u00f3n interministerial de seguimiento del coronavirus, luego de que ayer se declarara la emergencia sanitaria ante el avance de casos en el pa\u00eds y para contener la propagaci\u00f3n de la enfermedad, informaron fuentes oficiales.<\/p>\n<p>La reuni\u00f3n est\u00e1 prevista para las 11 en el Sal\u00f3n Eva Per\u00f3n y estar\u00e1n presentes el ministro de Salud, Gin\u00e9s Gonz\u00e1lez Garc\u00eda, representantes de otras carteras y tambi\u00e9n reconocidos epidemi\u00f3logos e infect\u00f3logos.<\/p>\n<p>Previamente, autoridades de la cartera de Salud se encuentran reunidos en este momento en la sede de ese ministerio con infect\u00f3logos.<\/p>\n<p>Adem\u00e1s del seguimiento de la pandemia, el Gobierno intensific\u00f3 ayer la comunicaci\u00f3n con las provincias para mantenerlos informados de todas las disposiciones que se est\u00e1n adoptando desde el gobierno nacional y para unificar criterios.<\/p>\n<p>Ayer, el ministerio del Interior, a cargo de Eduardo de Pedro, coordin\u00f3 estas tareas, de las que particip\u00f3 el subsecretario de Gesti\u00f3n de Servicios e Institutos del Ministerio de Salud, Alejando Collia, y tambi\u00e9n hubo representantes de las fuerzas armadas.<\/p>\n<p>La primera reuni\u00f3n interministerial por el coronavirus se realiz\u00f3 el viernes pasado, en el Sal\u00f3n Sur de la Casa de Gobierno, encabezada por el presidente Alberto Fern\u00e1ndez.<\/p>\n","protected":false},"excerpt":{"rendered":"<p>Encabezada por Cafiero, la reuni\u00f3n est\u00e1 prevista para las 11 en el Sal\u00f3n Eva Per\u00f3n. Estar\u00e1n presentes el ministro de Salud, Gin\u00e9s Gonz\u00e1lez Garc\u00eda, representantes de otras carteras y tambi\u00e9n reconocidos epidemi\u00f3logos e infect\u00f3logos &nbsp; &nbsp; El jefe de Gabinete, Santiago Cafiero, encabezar\u00e1 hoy a las 11 en la Casa de Gobierno una nueva reuni\u00f3n interministerial de seguimiento del coronavirus, luego de que ayer se declarara la emergencia sanitaria ante el avance de casos en el pa\u00eds y para contener la propagaci\u00f3n de la enfermedad, informaron fuentes oficiales. La reuni\u00f3n&#8230;<\/p>\n","protected":false},"author":3,"featured_media":59039,"comment_status":"closed","ping_status":"closed","sticky":false,"template":"","format":"standard","meta":[],"categories":[18],"tags":[],"_links":{"self":[{"href":"https:\/\/www.actualidadadiario.com\/index.php\/wp-json\/wp\/v2\/posts\/59038"}],"collection":[{"href":"https:\/\/www.actualidadadiario.com\/index.php\/wp-json\/wp\/v2\/posts"}],"about":[{"href":"https:\/\/www.actualidadadiario.com\/index.php\/wp-json\/wp\/v2\/types\/post"}],"author":[{"embeddable":true,"href":"https:\/\/www.actualidadadiario.com\/index.php\/wp-json\/wp\/v2\/users\/3"}],"replies":[{"embeddable":true,"href":"https:\/\/www.actualidadadiario.com\/index.php\/wp-json\/wp\/v2\/comments?post=59038"}],"version-history":[{"count":1,"href":"https:\/\/www.actualidadadiario.com\/index.php\/wp-json\/wp\/v2\/posts\/59038\/revisions"}],"predecessor-version":[{"id":59040,"href":"https:\/\/www.actualidadadiario.com\/index.php\/wp-json\/wp\/v2\/posts\/59038\/revisions\/59040"}],"wp:featuredmedia":[{"embeddable":true,"href":"https:\/\/www.actualidadadiario.com\/index.php\/wp-json\/wp\/v2\/media\/59039"}],"wp:attachment":[{"href":"https:\/\/www.actualidadadiario.com\/index.php\/wp-json\/wp\/v2\/media?parent=59038"}],"wp:term":[{"taxonomy":"category","embeddable":true,"href":"https:\/\/www.actualidadadiario.com\/index.php\/wp-json\/wp\/v2\/categories?post=59038"},{"taxonomy":"post_tag","embeddable":true,"href":"https:\/\/www.actualidadadiario.com\/index.php\/wp-json\/wp\/v2\/tags?post=59038"}],"curies":[{"name":"wp","href":"https:\/\/api.w.org\/{rel}","templated":true}]}}