{"id":59035,"date":"2020-03-13T10:37:13","date_gmt":"2020-03-13T13:37:13","guid":{"rendered":"https:\/\/www.actualidadadiario.com\/?p=59035"},"modified":"2020-03-13T10:37:26","modified_gmt":"2020-03-13T13:37:26","slug":"anunciaran-cambios-en-planes-sociales-para-que-beneficiarios-puedan-trabajar-sin-dejar-de-cobrar","status":"publish","type":"post","link":"https:\/\/www.actualidadadiario.com\/index.php\/2020\/03\/13\/anunciaran-cambios-en-planes-sociales-para-que-beneficiarios-puedan-trabajar-sin-dejar-de-cobrar\/","title":{"rendered":"Anunciar\u00e1n cambios en planes sociales para que beneficiarios puedan trabajar sin dejar de cobrar"},"content":{"rendered":"<p style=\"text-align: center;\"><em><strong>El ministro Daniel Arroyo tambi\u00e9n indic\u00f3 que &#8220;habr\u00e1 una red de tutores para acompa\u00f1ar a los beneficiarios en el per\u00edodo&#8221; en el que est\u00e9n trabajando<\/strong><\/em><\/p>\n<p>&nbsp;<\/p>\n<p>El Gobierno anunciar\u00e1 la semana que viene los cambios que introducir\u00e1 en los planes sociales para que los beneficiarios que obtengan un trabajo registrado puede seguir cobr\u00e1ndolo.<\/p>\n<p>&#8220;La semana que viene vamos a anunciar un cambio importante en los planes sociales. Los beneficiarios van a poder trabajar en el sector p\u00fablico o en el sector privado y quien los contrate va a completar el ingreso hasta llegar al Salario M\u00ednimo&#8221;, anticip\u00f3 el ministro de Desarrollo Social, Daniel Arroyo.<\/p>\n<p>El integrante del Gabinete precis\u00f3 que unas 600 mil personas est\u00e1n percibiendo actualmente planes sociales, por los que cobran 8.437,50 pesos, y la intenci\u00f3n es que puedan volcarse hacia el trabajo registrado en cinco rubros: construcci\u00f3n, producci\u00f3n de alimentos, textil, econom\u00eda del cuidado y reciclado.<\/p>\n","protected":false},"excerpt":{"rendered":"<p>El ministro Daniel Arroyo tambi\u00e9n indic\u00f3 que &#8220;habr\u00e1 una red de tutores para acompa\u00f1ar a los beneficiarios en el per\u00edodo&#8221; en el que est\u00e9n trabajando &nbsp; El Gobierno anunciar\u00e1 la semana que viene los cambios que introducir\u00e1 en los planes sociales para que los beneficiarios que obtengan un trabajo registrado puede seguir cobr\u00e1ndolo. &#8220;La semana que viene vamos a anunciar un cambio importante en los planes sociales. Los beneficiarios van a poder trabajar en el sector p\u00fablico o en el sector privado y quien los contrate va a completar el&#8230;<\/p>\n","protected":false},"author":3,"featured_media":58410,"comment_status":"closed","ping_status":"closed","sticky":false,"template":"","format":"standard","meta":[],"categories":[18],"tags":[],"_links":{"self":[{"href":"https:\/\/www.actualidadadiario.com\/index.php\/wp-json\/wp\/v2\/posts\/59035"}],"collection":[{"href":"https:\/\/www.actualidadadiario.com\/index.php\/wp-json\/wp\/v2\/posts"}],"about":[{"href":"https:\/\/www.actualidadadiario.com\/index.php\/wp-json\/wp\/v2\/types\/post"}],"author":[{"embeddable":true,"href":"https:\/\/www.actualidadadiario.com\/index.php\/wp-json\/wp\/v2\/users\/3"}],"replies":[{"embeddable":true,"href":"https:\/\/www.actualidadadiario.com\/index.php\/wp-json\/wp\/v2\/comments?post=59035"}],"version-history":[{"count":2,"href":"https:\/\/www.actualidadadiario.com\/index.php\/wp-json\/wp\/v2\/posts\/59035\/revisions"}],"predecessor-version":[{"id":59037,"href":"https:\/\/www.actualidadadiario.com\/index.php\/wp-json\/wp\/v2\/posts\/59035\/revisions\/59037"}],"wp:featuredmedia":[{"embeddable":true,"href":"https:\/\/www.actualidadadiario.com\/index.php\/wp-json\/wp\/v2\/media\/58410"}],"wp:attachment":[{"href":"https:\/\/www.actualidadadiario.com\/index.php\/wp-json\/wp\/v2\/media?parent=59035"}],"wp:term":[{"taxonomy":"category","embeddable":true,"href":"https:\/\/www.actualidadadiario.com\/index.php\/wp-json\/wp\/v2\/categories?post=59035"},{"taxonomy":"post_tag","embeddable":true,"href":"https:\/\/www.actualidadadiario.com\/index.php\/wp-json\/wp\/v2\/tags?post=59035"}],"curies":[{"name":"wp","href":"https:\/\/api.w.org\/{rel}","templated":true}]}}