{"id":59032,"date":"2020-03-13T10:36:33","date_gmt":"2020-03-13T13:36:33","guid":{"rendered":"https:\/\/www.actualidadadiario.com\/?p=59032"},"modified":"2020-03-13T10:36:33","modified_gmt":"2020-03-13T13:36:33","slug":"alberto-fernandez-es-imprescindible-el-rol-del-estado-para-prevenir-y-brindar-proteccion","status":"publish","type":"post","link":"https:\/\/www.actualidadadiario.com\/index.php\/2020\/03\/13\/alberto-fernandez-es-imprescindible-el-rol-del-estado-para-prevenir-y-brindar-proteccion\/","title":{"rendered":"Alberto Fern\u00e1ndez: &#8220;Es imprescindible el rol del Estado para prevenir y brindar protecci\u00f3n&#8221;"},"content":{"rendered":"<p style=\"text-align: center;\"><em><strong>El Presidente brind\u00f3 una Cadena Nacional, luego de haber declarado la Emergencia Sanitaria por la pandemia del coronavirus. &#8220;Es imprescindible el rol del estado para prevenir y dar tranquilidad. Un estado presente en salud es la mejor manera de cuidar a todos&#8221;, a\u00f1adi\u00f3<\/strong><\/em><\/p>\n<p>&nbsp;<\/p>\n<p>&nbsp;<\/p>\n<p>El presidente Alberto Fern\u00e1ndez llam\u00f3 a la sociedad a &#8220;demostrar que en los temas importantes estamos unidos&#8221;, al brindar un mensaje por cadena nacional con motivo de la pandemia de coronavirus, y advirti\u00f3 que &#8220;tendr\u00e1n responsabilidades penales&#8221; todas aquellas personas que deban estar aisladas preventivamente y no lo cumplan.<\/p>\n<p>&#8220;Tenemos que demostrar que en los temas importantes estamos unidos. Vamos a seguir monitoreando cada vez que detectemos un posible caso de este virus. Somos Argentina, un pa\u00eds unido donde todos debemos comprometernos con los dem\u00e1s, empezando por el Estado. Lo que le pasa al otro, nos pasa a todos\u201d, se\u00f1al\u00f3 el jefe de Estado en un discurso grabado.<\/p>\n<p>Adem\u00e1s, el Presidente remarc\u00f3 que \u201cel Estado est\u00e1 presente y va a acompa\u00f1ar a todos, especialmente a nuestros mayores de 65 a\u00f1os, en quienes mayor impacto&#8221; tiene la enfermedad, a\u00f1adi\u00f3 el mandatario.<\/p>\n<p>Fern\u00e1ndez rese\u00f1\u00f3 que las zonas afectadas por la pandemia son &#8220;todos los pa\u00edses de Europa, los Estados Unidos, Corea del Sur, Jap\u00f3n, China e Ir\u00e1n, y que &#8220;todos los vuelos provenientes de esas zonas quedan suspendidos por 30 d\u00edas&#8221;.<\/p>\n<p>No obstante, adelant\u00f3 que el Estado asegurar\u00e1 los medios para &#8220;facilitar el regreso&#8221; al pa\u00eds de los argentinos que se encuentren en esos destinos.<\/p>\n<p>El jefe de Estado indic\u00f3 que &#8220;en una situaci\u00f3n de alarma generalizada es imprescindible el rol del Estado para prevenir y brindar protecci\u00f3n a la poblaci\u00f3n&#8221;.<\/p>\n<p>Al dirigirse al pa\u00eds en un mensaje por cadena nacional, el mandatario plante\u00f3 que &#8220;esta pandemia convoca como sociedad, al Estado, las provincias y municipios&#8221;.<\/p>\n<p>En su alocuci\u00f3n, Fern\u00e1ndez repas\u00f3 el contenido del Decreto de Necesidad y Urgencia (DNU) que firm\u00f3 en horas de la tarde y por el cual ampli\u00f3 la emergencia sanitaria por un a\u00f1o con el prop\u00f3sito de contener la propagaci\u00f3n del coronavirus.<\/p>\n<p>Acerca de quienes deben cumplir aislamiento, enumer\u00f3 a &#8220;los casos confirmados, los sospechosos, las personas que hayan estado en contacto con casos confirmados o sospechosos, o las personas que hayan ingresado al pa\u00eds en los \u00faltimos 14 d\u00edas&#8221;, para &#8220;evitar todo lo posible la propagaci\u00f3n del virus&#8221;, declarado pandemia por la OMS.<\/p>\n<p>El mandatario anticip\u00f3 que &#8220;todos los d\u00edas la sociedad recibir\u00e1 informaci\u00f3n precisa&#8221; sobre el avance del coronavirus en el pa\u00eds, y remarc\u00f3 que las personas tienen la obligaci\u00f3n de &#8220;reportar s\u00edntomas compatibles&#8221; con la enfermedad.<\/p>\n<p>Asimismo, reiter\u00f3 que el Estado nacional dispuso una &#8220;asignaci\u00f3n extraordinaria de $1700 millones&#8221; para mitigar el coronavirus.<\/p>\n<p>El Presidente asegur\u00f3 que las autoridades podr\u00e1n disponer \u201cel cierre de lugares de acceso p\u00fablico, suspender espect\u00e1culos p\u00fablicos y todo otro evento masivo e imponer distancias de seguridad y otras medidas necesarias para evitar aglomeraciones\u201d.<\/p>\n","protected":false},"excerpt":{"rendered":"<p>El Presidente brind\u00f3 una Cadena Nacional, luego de haber declarado la Emergencia Sanitaria por la pandemia del coronavirus. &#8220;Es imprescindible el rol del estado para prevenir y dar tranquilidad. Un estado presente en salud es la mejor manera de cuidar a todos&#8221;, a\u00f1adi\u00f3 &nbsp; &nbsp; El presidente Alberto Fern\u00e1ndez llam\u00f3 a la sociedad a &#8220;demostrar que en los temas importantes estamos unidos&#8221;, al brindar un mensaje por cadena nacional con motivo de la pandemia de coronavirus, y advirti\u00f3 que &#8220;tendr\u00e1n responsabilidades penales&#8221; todas aquellas personas que deban estar aisladas preventivamente&#8230;<\/p>\n","protected":false},"author":3,"featured_media":59033,"comment_status":"closed","ping_status":"closed","sticky":false,"template":"","format":"standard","meta":[],"categories":[18],"tags":[],"_links":{"self":[{"href":"https:\/\/www.actualidadadiario.com\/index.php\/wp-json\/wp\/v2\/posts\/59032"}],"collection":[{"href":"https:\/\/www.actualidadadiario.com\/index.php\/wp-json\/wp\/v2\/posts"}],"about":[{"href":"https:\/\/www.actualidadadiario.com\/index.php\/wp-json\/wp\/v2\/types\/post"}],"author":[{"embeddable":true,"href":"https:\/\/www.actualidadadiario.com\/index.php\/wp-json\/wp\/v2\/users\/3"}],"replies":[{"embeddable":true,"href":"https:\/\/www.actualidadadiario.com\/index.php\/wp-json\/wp\/v2\/comments?post=59032"}],"version-history":[{"count":1,"href":"https:\/\/www.actualidadadiario.com\/index.php\/wp-json\/wp\/v2\/posts\/59032\/revisions"}],"predecessor-version":[{"id":59034,"href":"https:\/\/www.actualidadadiario.com\/index.php\/wp-json\/wp\/v2\/posts\/59032\/revisions\/59034"}],"wp:featuredmedia":[{"embeddable":true,"href":"https:\/\/www.actualidadadiario.com\/index.php\/wp-json\/wp\/v2\/media\/59033"}],"wp:attachment":[{"href":"https:\/\/www.actualidadadiario.com\/index.php\/wp-json\/wp\/v2\/media?parent=59032"}],"wp:term":[{"taxonomy":"category","embeddable":true,"href":"https:\/\/www.actualidadadiario.com\/index.php\/wp-json\/wp\/v2\/categories?post=59032"},{"taxonomy":"post_tag","embeddable":true,"href":"https:\/\/www.actualidadadiario.com\/index.php\/wp-json\/wp\/v2\/tags?post=59032"}],"curies":[{"name":"wp","href":"https:\/\/api.w.org\/{rel}","templated":true}]}}