{"id":59022,"date":"2020-03-13T10:33:23","date_gmt":"2020-03-13T13:33:23","guid":{"rendered":"https:\/\/www.actualidadadiario.com\/?p=59022"},"modified":"2020-03-13T10:33:23","modified_gmt":"2020-03-13T13:33:23","slug":"el-congreso-empezo-a-investigar-la-deuda-externa-que-tomo-macri","status":"publish","type":"post","link":"https:\/\/www.actualidadadiario.com\/index.php\/2020\/03\/13\/el-congreso-empezo-a-investigar-la-deuda-externa-que-tomo-macri\/","title":{"rendered":"El Congreso empez\u00f3 a investigar la deuda externa que tom\u00f3 Macri"},"content":{"rendered":"<p style=\"text-align: center;\"><em><strong>Se conform\u00f3 la bicameral de seguimiento de los pasivos y el oficialismo pidi\u00f3 estudiar la actuaci\u00f3n del ex presidente. Picantes duelos de Parrilli, Vallejos y Heller con Lousteau y Laspina<\/strong><\/em><\/p>\n<p>&nbsp;<\/p>\n<p>&nbsp;<\/p>\n<p>La bicameral de seguimiento de deuda externa se conform\u00f3 este jueves y la mayor\u00eda oficialista confirm\u00f3 la continuidad del senador Jos\u00e9 Mayans como presidente, ahora con la chapa de jefe de bloque, y defini\u00f3 un cronograma para investigar el endeudamiento tomado por Mauricio Macri.<\/p>\n<p>Fue en una corta pero tensa reuni\u00f3n realizada en el Sal\u00f3n Ill\u00eda del Senado, en la que los legisladores del Frente de Todos ratificaron que habr\u00e1 una minuciosa inspecci\u00f3n del incremento de la deuda en los \u00faltimos a\u00f1os como tambi\u00e9n de la fuga de capitales, citados por Alberto Fern\u00e1ndez en la apertura de sesiones.<\/p>\n<p>Mayans y el diputado kirchnerista Carlos Heller anticiparon que los actuales directores del Banco Central informaran sobre la salida de d\u00f3lares que hubo durante la gesti\u00f3n de la gesti\u00f3n Macri, otro de los anuncios de Alberto en el Congreso.<\/p>\n<p>Seg\u00fan anticip\u00f3 Mayans, los directores llevar\u00e1n esas cifras en la audiencia de la Comisi\u00f3n de Acuerdos debata sus pliegos, porque por ahora trabajan en comisi\u00f3n. El macrista Luciano Laspina pidi\u00f3 agregar los datos entregados por la Oficina de Presupuesto del Congreso (OPC), creada por su iniciativa y con la funci\u00f3n de estudiar el impacto de cada decisi\u00f3n del Gobierno. &#8220;Necesitamos adem\u00e1s tener una comparaci\u00f3n con otros pa\u00edses y un estudio fiscal&#8221;, plante\u00f3 y abri\u00f3 un debate que animar\u00e1 la comisi\u00f3n los pr\u00f3ximos a\u00f1os.<\/p>\n<p>&#8220;Tenemos que mirar lo que pas\u00f3 en el pasado. Porqu\u00e9 se tom\u00f3 la deuda que se tom\u00f3 en 2 a\u00f1os. Qui\u00e9nes fueron los prestamistas y qui\u00e9nes estuvieron de uno u otro lado del mostrador y d\u00f3nde se gast\u00f3 ese dinero. El cr\u00e9dito del FMI fue contempor\u00e1neo a una de las mayores fugas de divisas de los \u00faltimos a\u00f1os. \u00bfD\u00f3nde est\u00e1 esa cantidad de dinero? La historia de la deuda siempre hubo comisiones y nunca sirvieron para nada. Y yo no quiero que esta no sirva para nada&#8221;, sostuvo el senador Oscar Parrilli.<\/p>\n<p>El diputado Rodolfo Tailhade, tambi\u00e9n oficialista, record\u00f3 que hubo una comisi\u00f3n que s\u00ed sirvi\u00f3: la que funcion\u00f3 entre febrero de 2002 y octubre de 2003 y present\u00f3 un informe sobre la fuga de divisas de esos a\u00f1os. &#8220;Se fugaron 3 millones de d\u00f3lares. Mucho nombre y apellido se va a repetir&#8221;, anticip\u00f3 y pidi\u00f3 que se incorporara una copia de ese trabajo.<\/p>\n<p>Su compa\u00f1ero de bloque Itai Hagman cit\u00f3 otras dos comisiones para evocar que funcionaron en 2014: la que investig\u00f3 las 4040 cuentas de argentinos en el HSBC suizo que nunca hab\u00edan sido declaradas y la que estudi\u00f3 la historia de la deuda desde el \u00faltimo gobierno militar.<\/p>\n<p>&#8220;La deuda es la cotracara del d\u00e9ficit. Podemos discutir tambi\u00e9n como alentamos a que no haya d\u00e9ficit&#8221;, insisti\u00f3 Mart\u00edn Lousteau y llam\u00f3 a la respuesta de la diputada Fernanda Vallejos. &#8220;S\u00f3lo considerando la formaci\u00f3n de activos externos de los residentes se han ido del circuito productivo m\u00e1s de 88300 millones de d\u00f3lares. Y 56 mil millones de d\u00f3lares por salida de capitales especulativos que hab\u00edan sido atra\u00eddos a Argentina por tasas siderales&#8221;.<\/p>\n<p>&#8220;De esta manera, se fueron 6000 millones de d\u00f3lares m\u00e1s que los 44600 millones desembolsados por el FMI. Y ese es el principal componente del d\u00e9ficit fiscal, porque aument\u00f3 el gasto de intereses de la deuda y desplom\u00f3 el gasto en capital como obra p\u00fablica&#8221;, corrigi\u00f3 a Laspina, que no tard\u00f3 en reaccionar.<\/p>\n<p>&#8220;Tiene que controlar el Poder Ejecutivo la din\u00e1mica del endeudamiento. Tenemos que mirar para adelante y ponernos de acuerdo de qu\u00e9 estamos hablando. No se puede hablar de fugas de capital si no es un delito. Podr\u00edamos nombrar compras de d\u00f3lares c\u00e9lebres de ex funcionarios y estar\u00edamos afectando el buen nombre y honor. \u00bfLa ca\u00edda de reservas no es fuga de capitales? Podr\u00eda nombrar la p\u00e9rdida de divisas que hubo en 2012 y 2013&#8221;, desafi\u00f3.<\/p>\n<p>La sali\u00f3 al cruce Parrilli. &#8220;Argentina no tiene un problema de d\u00f3lares, porque si los activos que est\u00e1n afuera se invierten ac\u00e1 se solucionar\u00eda&#8221;. La diputada oficiaista Cristina \u00c1lvarez Rodr\u00edguez cont\u00f3 que la UCR de esa C\u00e1mara no envi\u00f3 diputados porque a\u00fan no hay acuerdo en el propio bloque.<\/p>\n<p>Mayans tuvo que frenar el debate porque ten\u00eda sesi\u00f3n en el Senado, anticip\u00f3 que tambi\u00e9n se estudiar\u00e1n las tasas altas que pag\u00f3 el Banco Central con Macri y recibir\u00e1 los informes de la deuda realizados otros a\u00f1os por el Congreso. Y en 15 d\u00edas volver\u00e1 a convocar a la comisi\u00f3n. Hay mucho por debatir.<\/p>\n","protected":false},"excerpt":{"rendered":"<p>Se conform\u00f3 la bicameral de seguimiento de los pasivos y el oficialismo pidi\u00f3 estudiar la actuaci\u00f3n del ex presidente. Picantes duelos de Parrilli, Vallejos y Heller con Lousteau y Laspina &nbsp; &nbsp; La bicameral de seguimiento de deuda externa se conform\u00f3 este jueves y la mayor\u00eda oficialista confirm\u00f3 la continuidad del senador Jos\u00e9 Mayans como presidente, ahora con la chapa de jefe de bloque, y defini\u00f3 un cronograma para investigar el endeudamiento tomado por Mauricio Macri. Fue en una corta pero tensa reuni\u00f3n realizada en el Sal\u00f3n Ill\u00eda del Senado,&#8230;<\/p>\n","protected":false},"author":3,"featured_media":59023,"comment_status":"closed","ping_status":"closed","sticky":false,"template":"","format":"standard","meta":[],"categories":[9],"tags":[],"_links":{"self":[{"href":"https:\/\/www.actualidadadiario.com\/index.php\/wp-json\/wp\/v2\/posts\/59022"}],"collection":[{"href":"https:\/\/www.actualidadadiario.com\/index.php\/wp-json\/wp\/v2\/posts"}],"about":[{"href":"https:\/\/www.actualidadadiario.com\/index.php\/wp-json\/wp\/v2\/types\/post"}],"author":[{"embeddable":true,"href":"https:\/\/www.actualidadadiario.com\/index.php\/wp-json\/wp\/v2\/users\/3"}],"replies":[{"embeddable":true,"href":"https:\/\/www.actualidadadiario.com\/index.php\/wp-json\/wp\/v2\/comments?post=59022"}],"version-history":[{"count":1,"href":"https:\/\/www.actualidadadiario.com\/index.php\/wp-json\/wp\/v2\/posts\/59022\/revisions"}],"predecessor-version":[{"id":59024,"href":"https:\/\/www.actualidadadiario.com\/index.php\/wp-json\/wp\/v2\/posts\/59022\/revisions\/59024"}],"wp:featuredmedia":[{"embeddable":true,"href":"https:\/\/www.actualidadadiario.com\/index.php\/wp-json\/wp\/v2\/media\/59023"}],"wp:attachment":[{"href":"https:\/\/www.actualidadadiario.com\/index.php\/wp-json\/wp\/v2\/media?parent=59022"}],"wp:term":[{"taxonomy":"category","embeddable":true,"href":"https:\/\/www.actualidadadiario.com\/index.php\/wp-json\/wp\/v2\/categories?post=59022"},{"taxonomy":"post_tag","embeddable":true,"href":"https:\/\/www.actualidadadiario.com\/index.php\/wp-json\/wp\/v2\/tags?post=59022"}],"curies":[{"name":"wp","href":"https:\/\/api.w.org\/{rel}","templated":true}]}}