{"id":59019,"date":"2020-03-13T10:32:33","date_gmt":"2020-03-13T13:32:33","guid":{"rendered":"https:\/\/www.actualidadadiario.com\/?p=59019"},"modified":"2020-03-13T10:32:33","modified_gmt":"2020-03-13T13:32:33","slug":"cuales-son-las-principales-disposiciones-del-decreto-de-emergencia-sanitaria","status":"publish","type":"post","link":"https:\/\/www.actualidadadiario.com\/index.php\/2020\/03\/13\/cuales-son-las-principales-disposiciones-del-decreto-de-emergencia-sanitaria\/","title":{"rendered":"Cu\u00e1les son las principales disposiciones del decreto de emergencia sanitaria"},"content":{"rendered":"<p style=\"text-align: center;\"><em><strong>El Decreto de Necesidad y Urgencia con el que declara la Emergencia Sanitaria en el pa\u00eds ante el avance de los virus del coronavirus, y estableci\u00f3 una serie de obligaciones con el objetivo de prevenir a la poblaci\u00f3n<\/strong><\/em><\/p>\n<p>&nbsp;<\/p>\n<p><strong>Aislamiento obligatorio:<\/strong> Deber\u00e1n permanecer aisladas durante 14 d\u00edas, plazo que podr\u00e1 ser modificado por la autoridad de aplicaci\u00f3n seg\u00fan la evoluci\u00f3n epidemiol\u00f3gica. Son casos sospechosos: presentar fiebre y uno o m\u00e1s s\u00edntomas respiratorios (tos, dolor de garganta o dificultad respiratoria) y que adem\u00e1s, en los \u00faltimos d\u00edas, tenga historial de viaje a &#8220;zonas afectadas&#8221; o haya estado en contacto con casos confirmados o probables de Covid-19 y sus contactos estrechos. Tambi\u00e9n, quienes lleguen al pa\u00eds habiendo transitado por &#8220;zonas afectadas&#8221; en los \u00faltimos 14 d\u00edas. No podr\u00e1n permanecer en el territorio nacional los extranjeros no residentes en el pa\u00eds que no den cumplimiento a la normativa sobre aislamiento obligatorio.<\/p>\n<p>&nbsp;<\/p>\n<p><strong>Sanciones:<\/strong> ante el incumplimiento del aislamiento, los funcionarios o funcionarias, personal de salud, personal a cargo de establecimientos educativos y autoridades en general que tomen conocimiento de tal circunstancia, deber\u00e1n radicar denuncia penal para investigar la posible comisi\u00f3n de los delitos previstos en los art\u00edculos 205, 239 y concordantes del C\u00f3digo Penal.<\/p>\n<p>&nbsp;<\/p>\n<p><strong>Zonas afectadas por la pandemia:<\/strong> todos los pa\u00edses de Europa, Estados Unidos, Corea del Sur, Jap\u00f3n, China, e Ir\u00e1n. La autoridad de aplicaci\u00f3n actualizar\u00e1 diariamente, seg\u00fan la evoluci\u00f3n epidemiol\u00f3gica.<\/p>\n<p>&nbsp;<\/p>\n<p><strong>Suspensi\u00f3n temporaria de vuelos:<\/strong> alcanza a los vuelos internacionales de pasajeros provenientes de las &#8220;zonas afectadas&#8221;, durante el plazo de 30 d\u00edas. Los operadores de medios de transporte, internacionales y nacionales, que operan en la Rep\u00fablica Argentina, estar\u00e1n obligados a cumplir las medidas sanitarias y las acciones preventivas.<\/p>\n<p>&nbsp;<\/p>\n<p><strong>Eventos masivos:<\/strong> Podr\u00e1 disponerse el cierre de museos, centros deportivos, salas de juegos, restaurantes, piscinas y dem\u00e1s lugares de acceso p\u00fablico; suspender espect\u00e1culos p\u00fablicos y todo otro evento masivo; imponer distancias de seguridad y otras medidas necesarias para evitar aglomeraciones.<\/p>\n<p>&nbsp;<\/p>\n<p><strong>Precios:<\/strong> podr\u00e1n fijar precios m\u00e1ximos para el alcohol en gel, los barbijos, u otros insumos cr\u00edticos, definidos como tales. Asimismo, podr\u00e1n adoptar las medidas necesarias para prevenir su desabastecimiento.<\/p>\n","protected":false},"excerpt":{"rendered":"<p>El Decreto de Necesidad y Urgencia con el que declara la Emergencia Sanitaria en el pa\u00eds ante el avance de los virus del coronavirus, y estableci\u00f3 una serie de obligaciones con el objetivo de prevenir a la poblaci\u00f3n &nbsp; Aislamiento obligatorio: Deber\u00e1n permanecer aisladas durante 14 d\u00edas, plazo que podr\u00e1 ser modificado por la autoridad de aplicaci\u00f3n seg\u00fan la evoluci\u00f3n epidemiol\u00f3gica. Son casos sospechosos: presentar fiebre y uno o m\u00e1s s\u00edntomas respiratorios (tos, dolor de garganta o dificultad respiratoria) y que adem\u00e1s, en los \u00faltimos d\u00edas, tenga historial de viaje&#8230;<\/p>\n","protected":false},"author":3,"featured_media":58575,"comment_status":"closed","ping_status":"closed","sticky":false,"template":"","format":"standard","meta":[],"categories":[9],"tags":[],"_links":{"self":[{"href":"https:\/\/www.actualidadadiario.com\/index.php\/wp-json\/wp\/v2\/posts\/59019"}],"collection":[{"href":"https:\/\/www.actualidadadiario.com\/index.php\/wp-json\/wp\/v2\/posts"}],"about":[{"href":"https:\/\/www.actualidadadiario.com\/index.php\/wp-json\/wp\/v2\/types\/post"}],"author":[{"embeddable":true,"href":"https:\/\/www.actualidadadiario.com\/index.php\/wp-json\/wp\/v2\/users\/3"}],"replies":[{"embeddable":true,"href":"https:\/\/www.actualidadadiario.com\/index.php\/wp-json\/wp\/v2\/comments?post=59019"}],"version-history":[{"count":2,"href":"https:\/\/www.actualidadadiario.com\/index.php\/wp-json\/wp\/v2\/posts\/59019\/revisions"}],"predecessor-version":[{"id":59021,"href":"https:\/\/www.actualidadadiario.com\/index.php\/wp-json\/wp\/v2\/posts\/59019\/revisions\/59021"}],"wp:featuredmedia":[{"embeddable":true,"href":"https:\/\/www.actualidadadiario.com\/index.php\/wp-json\/wp\/v2\/media\/58575"}],"wp:attachment":[{"href":"https:\/\/www.actualidadadiario.com\/index.php\/wp-json\/wp\/v2\/media?parent=59019"}],"wp:term":[{"taxonomy":"category","embeddable":true,"href":"https:\/\/www.actualidadadiario.com\/index.php\/wp-json\/wp\/v2\/categories?post=59019"},{"taxonomy":"post_tag","embeddable":true,"href":"https:\/\/www.actualidadadiario.com\/index.php\/wp-json\/wp\/v2\/tags?post=59019"}],"curies":[{"name":"wp","href":"https:\/\/api.w.org\/{rel}","templated":true}]}}