{"id":59017,"date":"2020-03-13T10:31:32","date_gmt":"2020-03-13T13:31:32","guid":{"rendered":"https:\/\/www.actualidadadiario.com\/?p=59017"},"modified":"2020-03-13T10:31:32","modified_gmt":"2020-03-13T13:31:32","slug":"trotta-convoco-a-los-ministros-de-educacion-provinciales-para-analizar-el-impacto-del-coronavirus-en-las-clases","status":"publish","type":"post","link":"https:\/\/www.actualidadadiario.com\/index.php\/2020\/03\/13\/trotta-convoco-a-los-ministros-de-educacion-provinciales-para-analizar-el-impacto-del-coronavirus-en-las-clases\/","title":{"rendered":"Trotta convoc\u00f3 a los ministros de Educaci\u00f3n provinciales para analizar el impacto del coronavirus en las clases"},"content":{"rendered":"<p style=\"text-align: center;\"><em><strong>El encuentro ser\u00e1 en el Palacio Sarmiento a las 14 horas y estar\u00e1n los ministros de Educaci\u00f3n provinciales, el titular de la cartera nacional, Nicol\u00e1s Trotta, y sindicatos. Jujuy ya paraliz\u00f3 actividad en aulas. Sindactos pedir\u00e1n ense\u00f1anza a distancia<\/strong><\/em><\/p>\n<p>&nbsp;<\/p>\n<p>Los ministros de Educaci\u00f3n de las provincias se reunir\u00e1n este viernes en Buenos Aires con el titular de la cartera a nivel nacional, Nicol\u00e1s Trotta, donde evaluar\u00e1n la implementaci\u00f3n de las medidas en las escuelas y discutir\u00e1n si ser\u00e1n suspendidas o no las clases como medida preventiva para frenar el avance del coronavirus. La cumbre se dar\u00e1 en el marco en donde ya dos gobernadores tomaron medidas que restringen el curso normal de las clases y donde habr\u00e1 planteos de gremios para fomentar un plan de contingencia con ense\u00f1anza a distancia. Desde Naci\u00f3n, no obstante, buscar\u00e1n que haya continuidad en de clases en las aulas.<\/p>\n<p>El encuentro, que tambi\u00e9n tendr\u00e1 representaci\u00f3n de gremios nacionales, se llevar\u00e1 a cabo en el Palacio Sarmiento, sede del ministerio nacional, a las 14 horas, seg\u00fan confirmaron a \u00c1mbito fuentes de distintas provincias. En los distritos consultados no evaluaban la paralizaci\u00f3n de clases, aunque se preparaban para acatar las directivas de Trotta. \u201cSe va a hacer una evaluaci\u00f3n de las medidas, de c\u00f3mo se est\u00e1n implementando. No es decisi\u00f3n del ministerio de Educaci\u00f3n si se suspenden las clases. Esas medidas las toman los especialistas de las carteras de Salud y hasta el momento tanto el ministerio como la OMS dijeron que no era conveniente suspender las clases\u201d, dijeron desde Naci\u00f3n.<\/p>\n<p>Este jueves, el gobernador juje\u00f1o, el radical Gerardo Morales, fue el primero suspender las clases en una provincia, si bien en Jujuy no hay a\u00fan confirmado ning\u00fan contagio de coronavirus (hay una persona en observaci\u00f3n, una mujer de 64 a\u00f1os con antecedentes de viaje a los Estados Unidos). En las escuelas se suspender\u00e1n las actividades desde el lunes 16 y hasta el s\u00e1bado 28 de marzo en todos los niveles, tanto del \u00e1mbito p\u00fablico como privado, y se activar\u00e1 una tarea virtual de capacitaci\u00f3n para los docentes, adem\u00e1s de establecer un mecanismo de ense\u00f1anza para los alumnos, de acuerdo a los anuncios. Una medida similar tom\u00f3 el misionero Oscar Herrera Ahuad, quien suspendi\u00f3 las clases en su provincia.<\/p>\n<p>Por otra parte, desde el gremio de docentes UDA confirmaron que estar\u00e1n en la reuni\u00f3n. \u201cUDA va a pedir generar un nuevo marco para dar continuidad al ciclo lectivo en este per\u00edodo de pandemia, para que el proceso de ense\u00f1anza y aprendizaje contin\u00fae en los hogares por 14 d\u00edas con procedimientos auxiliares que tiene el sistema educativo, y no \u00e1ulicos\u201d, asegur\u00f3 a \u00c1mbito Financiero su titular -y secretario de Pol\u00edticas Educativas de la CGT- Sergio Romero. Adem\u00e1s solicitar\u00e1 la postergaci\u00f3n de la Feria del Libro.<\/p>\n<p>El ministro Trotta desestim\u00f3 la posibilidad de una suspensi\u00f3n y, tras afirmar que se est\u00e1n tomando tolas las medidas preventivas, llam\u00f3 a la \u201cresponsabilidad y solidaridad\u201d. Pero la din\u00e1mica del proceso puede dar paso a un giro en la estrategia.<\/p>\n<p>En el gobierno Buenos Aires de Axel Kicillof tambi\u00e9n en las \u00faltimas afirmaron que las clases continuaban, aunque trabajaban en la elaboraci\u00f3n de \u201cun plan de contingencia escolar\u201d para el caso en que el coronavirus lleve a suspender la actividad en las aulas. \u201cSe trabaja en protocolos con material did\u00e1ctico y pedag\u00f3gico para continuar con la ense\u00f1anza\u201d, afirmaron desde despachos bonaerenses.<\/p>\n<p>En otras provincias consultadas por este medio marcaron un camino similar: ya elaboran materiales para continuar con las clases a distancia en caso de una suspensi\u00f3n.<\/p>\n","protected":false},"excerpt":{"rendered":"<p>El encuentro ser\u00e1 en el Palacio Sarmiento a las 14 horas y estar\u00e1n los ministros de Educaci\u00f3n provinciales, el titular de la cartera nacional, Nicol\u00e1s Trotta, y sindicatos. Jujuy ya paraliz\u00f3 actividad en aulas. Sindactos pedir\u00e1n ense\u00f1anza a distancia &nbsp; Los ministros de Educaci\u00f3n de las provincias se reunir\u00e1n este viernes en Buenos Aires con el titular de la cartera a nivel nacional, Nicol\u00e1s Trotta, donde evaluar\u00e1n la implementaci\u00f3n de las medidas en las escuelas y discutir\u00e1n si ser\u00e1n suspendidas o no las clases como medida preventiva para frenar el&#8230;<\/p>\n","protected":false},"author":3,"featured_media":56412,"comment_status":"closed","ping_status":"closed","sticky":false,"template":"","format":"standard","meta":[],"categories":[2],"tags":[],"_links":{"self":[{"href":"https:\/\/www.actualidadadiario.com\/index.php\/wp-json\/wp\/v2\/posts\/59017"}],"collection":[{"href":"https:\/\/www.actualidadadiario.com\/index.php\/wp-json\/wp\/v2\/posts"}],"about":[{"href":"https:\/\/www.actualidadadiario.com\/index.php\/wp-json\/wp\/v2\/types\/post"}],"author":[{"embeddable":true,"href":"https:\/\/www.actualidadadiario.com\/index.php\/wp-json\/wp\/v2\/users\/3"}],"replies":[{"embeddable":true,"href":"https:\/\/www.actualidadadiario.com\/index.php\/wp-json\/wp\/v2\/comments?post=59017"}],"version-history":[{"count":1,"href":"https:\/\/www.actualidadadiario.com\/index.php\/wp-json\/wp\/v2\/posts\/59017\/revisions"}],"predecessor-version":[{"id":59018,"href":"https:\/\/www.actualidadadiario.com\/index.php\/wp-json\/wp\/v2\/posts\/59017\/revisions\/59018"}],"wp:featuredmedia":[{"embeddable":true,"href":"https:\/\/www.actualidadadiario.com\/index.php\/wp-json\/wp\/v2\/media\/56412"}],"wp:attachment":[{"href":"https:\/\/www.actualidadadiario.com\/index.php\/wp-json\/wp\/v2\/media?parent=59017"}],"wp:term":[{"taxonomy":"category","embeddable":true,"href":"https:\/\/www.actualidadadiario.com\/index.php\/wp-json\/wp\/v2\/categories?post=59017"},{"taxonomy":"post_tag","embeddable":true,"href":"https:\/\/www.actualidadadiario.com\/index.php\/wp-json\/wp\/v2\/tags?post=59017"}],"curies":[{"name":"wp","href":"https:\/\/api.w.org\/{rel}","templated":true}]}}