{"id":59013,"date":"2020-03-13T10:30:09","date_gmt":"2020-03-13T13:30:09","guid":{"rendered":"https:\/\/www.actualidadadiario.com\/?p=59013"},"modified":"2020-03-13T10:30:09","modified_gmt":"2020-03-13T13:30:09","slug":"ypf-analiza-desafectar-reservas-especificas-para-cubrir-su-rojo-operativo-de-2019","status":"publish","type":"post","link":"https:\/\/www.actualidadadiario.com\/index.php\/2020\/03\/13\/ypf-analiza-desafectar-reservas-especificas-para-cubrir-su-rojo-operativo-de-2019\/","title":{"rendered":"YPF analiza desafectar reservas espec\u00edficas para cubrir su rojo operativo de 2019"},"content":{"rendered":"<p style=\"text-align: center;\"><em><strong>As\u00ed lo comunic\u00f3 la petrolera a la Bolsa de Comercio porte\u00f1a en la que inform\u00f3 que la propuesta del Directorio de YPF se elevar\u00e1 a la pr\u00f3xima asamblea de accionistas. Las p\u00e9rdidas acumuladas el a\u00f1o anterior fueron por unos $ 34.000 millones<\/strong><\/em><\/p>\n<p>&nbsp;<\/p>\n<p>&nbsp;<\/p>\n<p>La petrolera YPF propondr\u00e1 a la pr\u00f3xima Asamblea General de Accionistas &#8220;desafectar&#8221; sus reservas para futuros dividendos, recompra de acciones e inversiones para &#8220;absorber \u00edntegramente&#8221; las p\u00e9rdidas acumuladas por unos $ 34.000 millones correspondientes al per\u00edodo 2019.<\/p>\n<p>As\u00ed lo comunic\u00f3 la compa\u00f1\u00eda a la Bolsa de Comercio porte\u00f1a en la que inform\u00f3 que la propuesta del Directorio de YPF se elevar\u00e1 a la pr\u00f3xima asamblea de accionistas que est\u00e1 prevista para las pr\u00f3ximas semanas.<\/p>\n<p>El 5 de marzo, la petrolera inform\u00f3 una p\u00e9rdida operativa neta de impuestos de $ 33.379 millones producto del impacto extraordinario del cargo por deterioro del valor de sus activos (impairment) en el tercer trimestre, la situaci\u00f3n macroecon\u00f3mica y las pol\u00edticas particulares para el sector durante el 2019.<\/p>\n<p>A partir de esos resultados, el directorio propondr\u00e1 &#8220;desafectar \u00edntegramente la reserva para futuros dividendos, la reserva para compra de acciones propias y la reservas de inversiones&#8221;.<\/p>\n<p>A la vez plantear\u00e1 \u201cabsorber \u00edntegramente las p\u00e9rdidas acumuladas en resultados hasta $ 34.071 millones contra los importes correspondientes a las reservas desafectadas&#8221;.<\/p>\n<p>El remanente de las reservas por $ 13.184 millones se destinar\u00e1n a los mismos fondos para compra de acciones propias ($ 550 millones), para futuros dividendos ($ 3.700 millones) y para inversiones ($ 8.394 millones).<\/p>\n","protected":false},"excerpt":{"rendered":"<p>As\u00ed lo comunic\u00f3 la petrolera a la Bolsa de Comercio porte\u00f1a en la que inform\u00f3 que la propuesta del Directorio de YPF se elevar\u00e1 a la pr\u00f3xima asamblea de accionistas. Las p\u00e9rdidas acumuladas el a\u00f1o anterior fueron por unos $ 34.000 millones &nbsp; &nbsp; La petrolera YPF propondr\u00e1 a la pr\u00f3xima Asamblea General de Accionistas &#8220;desafectar&#8221; sus reservas para futuros dividendos, recompra de acciones e inversiones para &#8220;absorber \u00edntegramente&#8221; las p\u00e9rdidas acumuladas por unos $ 34.000 millones correspondientes al per\u00edodo 2019. As\u00ed lo comunic\u00f3 la compa\u00f1\u00eda a la Bolsa de&#8230;<\/p>\n","protected":false},"author":3,"featured_media":39975,"comment_status":"closed","ping_status":"closed","sticky":false,"template":"","format":"standard","meta":[],"categories":[2],"tags":[],"_links":{"self":[{"href":"https:\/\/www.actualidadadiario.com\/index.php\/wp-json\/wp\/v2\/posts\/59013"}],"collection":[{"href":"https:\/\/www.actualidadadiario.com\/index.php\/wp-json\/wp\/v2\/posts"}],"about":[{"href":"https:\/\/www.actualidadadiario.com\/index.php\/wp-json\/wp\/v2\/types\/post"}],"author":[{"embeddable":true,"href":"https:\/\/www.actualidadadiario.com\/index.php\/wp-json\/wp\/v2\/users\/3"}],"replies":[{"embeddable":true,"href":"https:\/\/www.actualidadadiario.com\/index.php\/wp-json\/wp\/v2\/comments?post=59013"}],"version-history":[{"count":1,"href":"https:\/\/www.actualidadadiario.com\/index.php\/wp-json\/wp\/v2\/posts\/59013\/revisions"}],"predecessor-version":[{"id":59014,"href":"https:\/\/www.actualidadadiario.com\/index.php\/wp-json\/wp\/v2\/posts\/59013\/revisions\/59014"}],"wp:featuredmedia":[{"embeddable":true,"href":"https:\/\/www.actualidadadiario.com\/index.php\/wp-json\/wp\/v2\/media\/39975"}],"wp:attachment":[{"href":"https:\/\/www.actualidadadiario.com\/index.php\/wp-json\/wp\/v2\/media?parent=59013"}],"wp:term":[{"taxonomy":"category","embeddable":true,"href":"https:\/\/www.actualidadadiario.com\/index.php\/wp-json\/wp\/v2\/categories?post=59013"},{"taxonomy":"post_tag","embeddable":true,"href":"https:\/\/www.actualidadadiario.com\/index.php\/wp-json\/wp\/v2\/tags?post=59013"}],"curies":[{"name":"wp","href":"https:\/\/api.w.org\/{rel}","templated":true}]}}