{"id":59004,"date":"2020-03-13T10:27:57","date_gmt":"2020-03-13T13:27:57","guid":{"rendered":"https:\/\/www.actualidadadiario.com\/?p=59004"},"modified":"2020-03-13T10:27:57","modified_gmt":"2020-03-13T13:27:57","slug":"abastecimiento-en-la-antartida","status":"publish","type":"post","link":"https:\/\/www.actualidadadiario.com\/index.php\/2020\/03\/13\/abastecimiento-en-la-antartida\/","title":{"rendered":"Abastecimiento en la Ant\u00e1rtida"},"content":{"rendered":"<p style=\"text-align: center;\"><em><strong>Finaliz\u00f3 la Campa\u00f1a Ant\u00e1rtica de Verano en la que participaron m\u00e1s de 1100 integrantes del Ej\u00e9rcito, la Armada y la Fuerza A\u00e9rea<\/strong><\/em><\/p>\n<p>&nbsp;<\/p>\n<p>&nbsp;<\/p>\n<p>Unos 1.930 metros c\u00fabicos de carga general y frigorizada, cerca de 300 tubos de gas, y unos 1.600 metros c\u00fabicos de combustible ant\u00e1rtico fueron trasladados hacia las trece bases argentinas en la Ant\u00e1rtida en 290 d\u00edas de navegaci\u00f3n y 1.000 horas de vuelo por los buques y aviones de las fuerzas armadas en los \u00faltimos cuatro meses, en el marco de la Campana Ant\u00e1rtica de Verano.<\/p>\n<p>Los buques y aviones debieron replegar unos 600 tubos de gas y 600 metros c\u00fabicos de residuos, adem\u00e1s de ocuparse del traslado de m\u00e1s de un millar de efectivos e investigadores que participaron de la actividad ant\u00e1rtica durante el verano.<\/p>\n<p>Cerca de 200 cient\u00edficos y militares deber\u00e1n invernar esta temporada en las seis bases permanentes de Argentina en la Ant\u00e1rtida: Esperanza, Orcadas, San Mart\u00edn, Belgrano, Marambio y Carlini. Mientras que las bases Petrel, Brown y Primavera s\u00f3lo funcionan durante el verano cuando, adem\u00e1s, se aprovech\u00f3 para enviar personal para reparar las bases Decepci\u00f3n, Melchior, C\u00e1mara y Matienzo.<\/p>\n<p>La Campa\u00f1a Ant\u00e1rtica de Verano (CAV) n\u00famero 116 estuvo bajo el control operacional del Comando Conjunto Ant\u00e1rtico (Cocoantar), dependiente del Estado Mayor Conjunto de las Fuerzas Armadas, y cont\u00f3 con la participaron de m\u00e1s de 1100 integrantes del Ej\u00e9rcito, la Armada y la Fuerza A\u00e9rea.<\/p>\n","protected":false},"excerpt":{"rendered":"<p>Finaliz\u00f3 la Campa\u00f1a Ant\u00e1rtica de Verano en la que participaron m\u00e1s de 1100 integrantes del Ej\u00e9rcito, la Armada y la Fuerza A\u00e9rea &nbsp; &nbsp; Unos 1.930 metros c\u00fabicos de carga general y frigorizada, cerca de 300 tubos de gas, y unos 1.600 metros c\u00fabicos de combustible ant\u00e1rtico fueron trasladados hacia las trece bases argentinas en la Ant\u00e1rtida en 290 d\u00edas de navegaci\u00f3n y 1.000 horas de vuelo por los buques y aviones de las fuerzas armadas en los \u00faltimos cuatro meses, en el marco de la Campana Ant\u00e1rtica de Verano&#8230;.<\/p>\n","protected":false},"author":3,"featured_media":59005,"comment_status":"closed","ping_status":"closed","sticky":false,"template":"","format":"standard","meta":[],"categories":[2],"tags":[],"_links":{"self":[{"href":"https:\/\/www.actualidadadiario.com\/index.php\/wp-json\/wp\/v2\/posts\/59004"}],"collection":[{"href":"https:\/\/www.actualidadadiario.com\/index.php\/wp-json\/wp\/v2\/posts"}],"about":[{"href":"https:\/\/www.actualidadadiario.com\/index.php\/wp-json\/wp\/v2\/types\/post"}],"author":[{"embeddable":true,"href":"https:\/\/www.actualidadadiario.com\/index.php\/wp-json\/wp\/v2\/users\/3"}],"replies":[{"embeddable":true,"href":"https:\/\/www.actualidadadiario.com\/index.php\/wp-json\/wp\/v2\/comments?post=59004"}],"version-history":[{"count":1,"href":"https:\/\/www.actualidadadiario.com\/index.php\/wp-json\/wp\/v2\/posts\/59004\/revisions"}],"predecessor-version":[{"id":59006,"href":"https:\/\/www.actualidadadiario.com\/index.php\/wp-json\/wp\/v2\/posts\/59004\/revisions\/59006"}],"wp:featuredmedia":[{"embeddable":true,"href":"https:\/\/www.actualidadadiario.com\/index.php\/wp-json\/wp\/v2\/media\/59005"}],"wp:attachment":[{"href":"https:\/\/www.actualidadadiario.com\/index.php\/wp-json\/wp\/v2\/media?parent=59004"}],"wp:term":[{"taxonomy":"category","embeddable":true,"href":"https:\/\/www.actualidadadiario.com\/index.php\/wp-json\/wp\/v2\/categories?post=59004"},{"taxonomy":"post_tag","embeddable":true,"href":"https:\/\/www.actualidadadiario.com\/index.php\/wp-json\/wp\/v2\/tags?post=59004"}],"curies":[{"name":"wp","href":"https:\/\/api.w.org\/{rel}","templated":true}]}}