{"id":59002,"date":"2020-03-13T10:23:45","date_gmt":"2020-03-13T13:23:45","guid":{"rendered":"https:\/\/www.actualidadadiario.com\/?p=59002"},"modified":"2020-03-13T10:23:45","modified_gmt":"2020-03-13T13:23:45","slug":"la-inflacion-llego-al-2-y-es-la-mas-baja-en-dos-anos","status":"publish","type":"post","link":"https:\/\/www.actualidadadiario.com\/index.php\/2020\/03\/13\/la-inflacion-llego-al-2-y-es-la-mas-baja-en-dos-anos\/","title":{"rendered":"La inflaci\u00f3n lleg\u00f3 al 2% y es la m\u00e1s baja en dos a\u00f1os"},"content":{"rendered":"<p style=\"text-align: center;\"><em><strong>El INDEC comunic\u00f3 el n\u00famero de febrero, que desaceler\u00f3 respecto al 2,3% de enero. Alimentos y Bebidas, el impacto m\u00e1s fuerte: hubo baja de dos puntos hasta el 2,7%<\/strong><\/em><\/p>\n<p>&nbsp;<\/p>\n<p>&nbsp;<\/p>\n<p>La inflaci\u00f3n de febrero fue del 2%, la m\u00e1s baja de los \u00faltimos dos a\u00f1os, y acumul\u00f3 un alza interanual del 50,3%, inform\u00f3 el INDEC. De acuerdo con las cifras oficiales, el \u00edndice acumul\u00f3 en el primer bimestre un aumento del 4,3%.<\/p>\n<p>En enero, los precios que m\u00e1s subieron fueron los de &#8220;Restaurantes y Hoteles&#8221;, 3,1%, y &#8220;Alimentos y bebidas&#8221;, 2,7%. El registro de febrero fue el m\u00e1s bajo desde enero del 2018, cuando el \u00cdndice de Precios subi\u00f3 1,8%. En el Gran Buenos Aires -Capital y conurbano-, como en el Noroeste y la Patagonia, la inflaci\u00f3n se ubic\u00f3 por debajo del nivel general, con 1,8% en las tres regiones.<\/p>\n<p>La regi\u00f3n Pampeana y Cuyo tuvieron el registro m\u00e1s alto, con un 2,3% por igual, mientras que en la regi\u00f3n Noreste llego al 2,2%. La inflaci\u00f3n de febrero se situ\u00f3 en l\u00ednea con la mayor\u00eda de las consultoras privadas, que hab\u00eda previsto una desaceleraci\u00f3n promedio en torno al 2%. Algunos analistas estiman que por el alza del d\u00f3lar mayorista y el aumento en el sector de Educaci\u00f3n, por el comienzo de clases -ahora en revisi\u00f3n por el coronavirus-, podr\u00eda presionar sobre los precios de marzo y superar los registros de febrero, frenando la leve desaceleraci\u00f3n del primer bimestre.<\/p>\n<p>Los precios de &#8220;Bienes y Servicios Varios&#8221; subieron 2,4%, los de la &#8220;Comunicaci\u00f3n&#8221;, 2,3%; &#8220;Recreaci\u00f3n y Cultura&#8221;, 2,2%; &#8220;Equipamiento y mantenimiento del Hogar&#8221;, 2,1%; y &#8220;Prendas de vestir y calzado&#8221; 2%. Por debajo de la evoluci\u00f3n del nivel general del 2% se ubicaron los del rubro &#8220;Transporte&#8221;, 1,6%; &#8220;Educaci\u00f3n&#8221;, 1,4%; &#8220;Bebidas Alcoh\u00f3licas y Tabaco&#8221;, 1,3%; &#8220;Vivienda, Agua, Electricidad, Gas y otros combustibles&#8221;, 0,6%; y &#8220;Salud&#8221;, que tuvo el indicador de incremento m\u00e1s bajo, de 0,4%.<\/p>\n<p>La suba de precios minoristas de febrero respecto de enero se dio por el aumento del 2,5% en productos estacionales, del 2,4% en los que integran el IPC N\u00facleo y del 0,7% en precios regulados.<\/p>\n","protected":false},"excerpt":{"rendered":"<p>El INDEC comunic\u00f3 el n\u00famero de febrero, que desaceler\u00f3 respecto al 2,3% de enero. Alimentos y Bebidas, el impacto m\u00e1s fuerte: hubo baja de dos puntos hasta el 2,7% &nbsp; &nbsp; La inflaci\u00f3n de febrero fue del 2%, la m\u00e1s baja de los \u00faltimos dos a\u00f1os, y acumul\u00f3 un alza interanual del 50,3%, inform\u00f3 el INDEC. De acuerdo con las cifras oficiales, el \u00edndice acumul\u00f3 en el primer bimestre un aumento del 4,3%. En enero, los precios que m\u00e1s subieron fueron los de &#8220;Restaurantes y Hoteles&#8221;, 3,1%, y &#8220;Alimentos y&#8230;<\/p>\n","protected":false},"author":3,"featured_media":42866,"comment_status":"closed","ping_status":"closed","sticky":false,"template":"","format":"standard","meta":[],"categories":[9],"tags":[],"_links":{"self":[{"href":"https:\/\/www.actualidadadiario.com\/index.php\/wp-json\/wp\/v2\/posts\/59002"}],"collection":[{"href":"https:\/\/www.actualidadadiario.com\/index.php\/wp-json\/wp\/v2\/posts"}],"about":[{"href":"https:\/\/www.actualidadadiario.com\/index.php\/wp-json\/wp\/v2\/types\/post"}],"author":[{"embeddable":true,"href":"https:\/\/www.actualidadadiario.com\/index.php\/wp-json\/wp\/v2\/users\/3"}],"replies":[{"embeddable":true,"href":"https:\/\/www.actualidadadiario.com\/index.php\/wp-json\/wp\/v2\/comments?post=59002"}],"version-history":[{"count":1,"href":"https:\/\/www.actualidadadiario.com\/index.php\/wp-json\/wp\/v2\/posts\/59002\/revisions"}],"predecessor-version":[{"id":59003,"href":"https:\/\/www.actualidadadiario.com\/index.php\/wp-json\/wp\/v2\/posts\/59002\/revisions\/59003"}],"wp:featuredmedia":[{"embeddable":true,"href":"https:\/\/www.actualidadadiario.com\/index.php\/wp-json\/wp\/v2\/media\/42866"}],"wp:attachment":[{"href":"https:\/\/www.actualidadadiario.com\/index.php\/wp-json\/wp\/v2\/media?parent=59002"}],"wp:term":[{"taxonomy":"category","embeddable":true,"href":"https:\/\/www.actualidadadiario.com\/index.php\/wp-json\/wp\/v2\/categories?post=59002"},{"taxonomy":"post_tag","embeddable":true,"href":"https:\/\/www.actualidadadiario.com\/index.php\/wp-json\/wp\/v2\/tags?post=59002"}],"curies":[{"name":"wp","href":"https:\/\/api.w.org\/{rel}","templated":true}]}}